{"id":1106,"date":"2009-12-02T19:10:46","date_gmt":"2009-12-02T18:10:46","guid":{"rendered":"http:\/\/elbonia.cent.uji.es\/jordi\/?p=1106"},"modified":"2009-12-02T19:10:46","modified_gmt":"2009-12-02T18:10:46","slug":"manifiesto-en-defensa-de-los-derechos-fundamentales-en-internet","status":"publish","type":"post","link":"https:\/\/elbonia.cent.uji.es\/jordi\/2009\/12\/02\/manifiesto-en-defensa-de-los-derechos-fundamentales-en-internet\/","title":{"rendered":"Manifiesto: En defensa de los derechos fundamentales en Internet"},"content":{"rendered":"<p>Ante la inclusi\u00f3n en el Anteproyecto de Ley de Econom\u00eda sostenible de modificaciones legislativas que afectan al libre ejercicio de las libertades de expresi\u00f3n, informaci\u00f3n y el derecho de acceso a la cultura a trav\u00e9s de Internet, los periodistas, bloggers, usuarios, profesionales y creadores de internet manifestamos nuestra firme oposici\u00f3n al proyecto, y declaramos que:<\/p>\n<p>1.- <strong>Los derechos de autor no pueden situarse por encima de los derechos fundamentales de los ciudadanos<\/strong>, como el derecho a la privacidad, a la seguridad, a la presunci\u00f3n de inocencia, a la tutela judicial efectiva y a la libertad de expresi\u00f3n.<\/p>\n<p>2.- <strong>La suspensi\u00f3n de derechos fundamentales es y debe seguir siendo competencia exclusiva del poder judicial<\/strong>. Ni un cierre sin sentencia. Este anteproyecto, en contra de lo establecido en el art\u00edculo 20.5 de la Constituci\u00f3n, pone en manos de un \u00f3rgano no judicial -un organismo dependiente del ministerio de Cultura-, la potestad de impedir a los ciudadanos espa\u00f1oles el acceso a cualquier p\u00e1gina web.<\/p>\n<p>3.- <strong>La nueva legislaci\u00f3n crear\u00e1 inseguridad jur\u00eddica en todo el sector tecnol\u00f3gico espa\u00f1ol<\/strong>, perjudicando uno de los pocos campos de desarrollo y futuro de nuestra econom\u00eda, entorpeciendo la creaci\u00f3n de empresas, introduciendo trabas a la libre competencia y ralentizando su proyecci\u00f3n internacional.<\/p>\n<p>4.- <strong>La nueva legislaci\u00f3n propuesta amenaza a los nuevos creadores y entorpece la creaci\u00f3n cultural<\/strong>. Con Internet y los sucesivos avances tecnol\u00f3gicos se ha democratizado extraordinariamente la creaci\u00f3n y emisi\u00f3n de contenidos de todo tipo, que ya no provienen prevalentemente de las industrias culturales tradicionales, sino de multitud de fuentes diferentes.<\/p>\n<p>5.- <strong>Los autores,<\/strong> como todos los trabajadores<strong>, tienen derecho a vivir de su trabajo con nuevas ideas creativas, modelos de negocio y actividades asociadas a sus creaciones<\/strong>. Intentar sostener con cambios legislativos a una industria obsoleta que no sabe adaptarse a este nuevo entorno no es ni justo ni realista. Si su modelo de negocio se basaba en el control de las copias de las obras y en Internet no es posible sin vulnerar derechos fundamentales, deber\u00edan buscar otro modelo.<\/p>\n<p>6.- Consideramos que <strong>las industrias culturales necesitan para sobrevivir alternativas modernas, eficaces, cre\u00edbles y asequibles<\/strong> y que se adecuen a los nuevos usos sociales, en lugar de limitaciones tan desproporcionadas como ineficaces para el fin que dicen perseguir.<\/p>\n<p>7.- <strong>Internet debe funcionar de forma libre y sin interferencias pol\u00edticas<\/strong> auspiciadas por sectores que pretenden perpetuar obsoletos modelos de negocio e imposibilitar que el saber humano siga siendo libre.<\/p>\n<p>8.- <strong>Exigimos que el Gobierno garantice por ley la neutralidad de la Red en Espa\u00f1a<\/strong>, ante cualquier presi\u00f3n que pueda producirse, como marco para el desarrollo de una econom\u00eda sostenible y realista de cara al futuro.<\/p>\n<p>9.- <strong>Proponemos una verdadera reforma del derecho de propiedad intelectual<\/strong> orientada a su fin: devolver a la sociedad el conocimiento, promover el dominio p\u00fablico y limitar los abusos de las entidades gestoras.<\/p>\n<p>10.- En democracia <strong>las leyes y sus modificaciones deben aprobarse tras el oportuno debate p\u00fablico y habiendo consultado previamente a todas las partes implicadas<\/strong>. No es de recibo que se realicen cambios legislativos que afectan a derechos fundamentales en una ley no org\u00e1nica y que versa sobre otra materia.<\/p>\n","protected":false},"excerpt":{"rendered":"<p>Ante la inclusi\u00f3n en el Anteproyecto de Ley de Econom\u00eda sostenible de modificaciones legislativas que afectan al libre ejercicio de las libertades de expresi\u00f3n, informaci\u00f3n y el derecho de acceso a la cultura a trav\u00e9s de Internet, los periodistas, bloggers, usuarios, profesionales y creadores de internet manifestamos nuestra firme oposici\u00f3n al proyecto, y declaramos que: [&hellip;]<\/p>\n","protected":false},"author":2,"featured_media":0,"comment_status":"open","ping_status":"open","sticky":false,"template":"","format":"standard","meta":{"_jetpack_newsletter_access":"","_jetpack_dont_email_post_to_subs":false,"_jetpack_newsletter_tier_id":0,"_jetpack_memberships_contains_paywalled_content":false,"_jetpack_memberships_contains_paid_content":false,"footnotes":""},"categories":[1],"tags":[],"class_list":["post-1106","post","type-post","status-publish","format-standard","hentry","category-uncategorized"],"jetpack_featured_media_url":"","jetpack_sharing_enabled":true,"jetpack_shortlink":"https:\/\/wp.me\/p74JOR-hQ","_links":{"self":[{"href":"https:\/\/elbonia.cent.uji.es\/jordi\/wp-json\/wp\/v2\/posts\/1106","targetHints":{"allow":["GET"]}}],"collection":[{"href":"https:\/\/elbonia.cent.uji.es\/jordi\/wp-json\/wp\/v2\/posts"}],"about":[{"href":"https:\/\/elbonia.cent.uji.es\/jordi\/wp-json\/wp\/v2\/types\/post"}],"author":[{"embeddable":true,"href":"https:\/\/elbonia.cent.uji.es\/jordi\/wp-json\/wp\/v2\/users\/2"}],"replies":[{"embeddable":true,"href":"https:\/\/elbonia.cent.uji.es\/jordi\/wp-json\/wp\/v2\/comments?post=1106"}],"version-history":[{"count":2,"href":"https:\/\/elbonia.cent.uji.es\/jordi\/wp-json\/wp\/v2\/posts\/1106\/revisions"}],"predecessor-version":[{"id":1108,"href":"https:\/\/elbonia.cent.uji.es\/jordi\/wp-json\/wp\/v2\/posts\/1106\/revisions\/1108"}],"wp:attachment":[{"href":"https:\/\/elbonia.cent.uji.es\/jordi\/wp-json\/wp\/v2\/media?parent=1106"}],"wp:term":[{"taxonomy":"category","embeddable":true,"href":"https:\/\/elbonia.cent.uji.es\/jordi\/wp-json\/wp\/v2\/categories?post=1106"},{"taxonomy":"post_tag","embeddable":true,"href":"https:\/\/elbonia.cent.uji.es\/jordi\/wp-json\/wp\/v2\/tags?post=1106"}],"curies":[{"name":"wp","href":"https:\/\/api.w.org\/{rel}","templated":true}]}}