{"id":1109,"date":"2009-12-04T22:11:15","date_gmt":"2009-12-04T21:11:15","guid":{"rendered":"http:\/\/elbonia.cent.uji.es\/jordi\/?p=1109"},"modified":"2009-12-04T22:13:22","modified_gmt":"2009-12-04T21:13:22","slug":"la-escuela-2-0-tendra-que-esperar-en-cataluna","status":"publish","type":"post","link":"https:\/\/elbonia.cent.uji.es\/jordi\/2009\/12\/04\/la-escuela-2-0-tendra-que-esperar-en-cataluna\/","title":{"rendered":"La Escuela 2.0 tendr\u00e1 que esperar en Catalu\u00f1a"},"content":{"rendered":"<p>La Vanguardia publica hoy un art\u00edculo de Maite Guti\u00e9rrez titulado \u00ab<a href=\"http:\/\/www.lavanguardia.es\/ciudadanos\/noticias\/20091204\/53836996660\/educacio-retrasa-la-implantacion-de-ordenadores-portatiles-en-primaria-montilla-eso-jose-luis-rodrig.html\" target=\"_blank\">Educaci\u00f3 retrasa la implantaci\u00f3n de ordenadores port\u00e1tiles en primaria<\/a>\u00ab. Cito un par de p\u00e1rrafos interesantes:<\/p>\n<blockquote><p>Los <strong>ordenadores port\u00e1tiles<\/strong> no llegar\u00e1n de forma masiva a las aulas de primaria a partir del mes que viene en contra de lo que anunci\u00f3 el <strong>Departament d&#8217;Educaci\u00f3<\/strong> en septiembre. Entonces, la conselleria explic\u00f3 que 11.000 alumnos de 5.\u00ba de primaria recibir\u00edan port\u00e1tiles y se incluir\u00edan dentro del programa 1&#215;1 de digitalizaci\u00f3n de las aulas, que se coordina con el <strong><a href=\"http:\/\/www.lavanguardia.es\/lv24h\/20090904\/53777659397.html\" target=\"_blank\">plan Escuela 2.0<\/a><\/strong> del Ministerio de Educaci\u00f3n. Finalmente, Educaci\u00f3 ha decidido aparcar la idea durante este curso y \u00abcentrarse en la secundaria\u00bb. Aun as\u00ed, se crear\u00e1n unos \u00abcentros de primaria de referencia\u00bb, que s\u00ed se digitalizar\u00e1n. El n\u00famero todav\u00eda est\u00e1 por concretar.<\/p>\n<p>&#8230;<\/p>\n<p>Educaci\u00f3 afirma que prefiere centrarse en la digitalizaci\u00f3n de la etapa secundaria, y una vez todos los institutos de Catalunya funcionen con port\u00e1tiles y libros digitales en los cuatro cursos de la ESO se pasar\u00eda a la educaci\u00f3n primaria \u20135.\u00ba y 6.\u00ba curso solamente\u2013. Seg\u00fan el departament, as\u00ed se evitar\u00edan \u00abproblemas como los sucedidos en Arag\u00f3n\u00bb, donde alumnos de primaria comienzan a trabajar con ordenador en clase, pero al pasar al instituto dejan de utilizar esta herramienta porque el centro a\u00fan no est\u00e1 adaptado.<\/p>\n<p>&#8230;<\/p>\n<p>&#8230;Desde el ministerio explican que las comunidades aut\u00f3nomas tienen cuatro a\u00f1os para instaurar el plan Escuela 2.0, y durante ese tiempo pueden gestionar los recursos y organizarse como mejor les parezca.<\/p><\/blockquote>\n<p>Sin comentarios.<\/p>\n","protected":false},"excerpt":{"rendered":"<p>La Vanguardia publica hoy un art\u00edculo de Maite Guti\u00e9rrez titulado \u00abEducaci\u00f3 retrasa la implantaci\u00f3n de ordenadores port\u00e1tiles en primaria\u00ab. Cito un par de p\u00e1rrafos interesantes: Los ordenadores port\u00e1tiles no llegar\u00e1n de forma masiva a las aulas de primaria a partir del mes que viene en contra de lo que anunci\u00f3 el Departament d&#8217;Educaci\u00f3 en septiembre. [&hellip;]<\/p>\n","protected":false},"author":2,"featured_media":0,"comment_status":"open","ping_status":"open","sticky":false,"template":"","format":"standard","meta":{"_jetpack_newsletter_access":"","_jetpack_dont_email_post_to_subs":false,"_jetpack_newsletter_tier_id":0,"_jetpack_memberships_contains_paywalled_content":false,"_jetpack_memberships_contains_paid_content":false,"footnotes":""},"categories":[266],"tags":[],"class_list":["post-1109","post","type-post","status-publish","format-standard","hentry","category-escuela-2-0"],"jetpack_featured_media_url":"","jetpack_sharing_enabled":true,"jetpack_shortlink":"https:\/\/wp.me\/p74JOR-hT","_links":{"self":[{"href":"https:\/\/elbonia.cent.uji.es\/jordi\/wp-json\/wp\/v2\/posts\/1109","targetHints":{"allow":["GET"]}}],"collection":[{"href":"https:\/\/elbonia.cent.uji.es\/jordi\/wp-json\/wp\/v2\/posts"}],"about":[{"href":"https:\/\/elbonia.cent.uji.es\/jordi\/wp-json\/wp\/v2\/types\/post"}],"author":[{"embeddable":true,"href":"https:\/\/elbonia.cent.uji.es\/jordi\/wp-json\/wp\/v2\/users\/2"}],"replies":[{"embeddable":true,"href":"https:\/\/elbonia.cent.uji.es\/jordi\/wp-json\/wp\/v2\/comments?post=1109"}],"version-history":[{"count":3,"href":"https:\/\/elbonia.cent.uji.es\/jordi\/wp-json\/wp\/v2\/posts\/1109\/revisions"}],"predecessor-version":[{"id":1111,"href":"https:\/\/elbonia.cent.uji.es\/jordi\/wp-json\/wp\/v2\/posts\/1109\/revisions\/1111"}],"wp:attachment":[{"href":"https:\/\/elbonia.cent.uji.es\/jordi\/wp-json\/wp\/v2\/media?parent=1109"}],"wp:term":[{"taxonomy":"category","embeddable":true,"href":"https:\/\/elbonia.cent.uji.es\/jordi\/wp-json\/wp\/v2\/categories?post=1109"},{"taxonomy":"post_tag","embeddable":true,"href":"https:\/\/elbonia.cent.uji.es\/jordi\/wp-json\/wp\/v2\/tags?post=1109"}],"curies":[{"name":"wp","href":"https:\/\/api.w.org\/{rel}","templated":true}]}}