{"id":1182,"date":"2010-03-19T23:56:37","date_gmt":"2010-03-19T22:56:37","guid":{"rendered":"http:\/\/elbonia.cent.uji.es\/jordi\/?p=1182"},"modified":"2010-09-06T07:19:59","modified_gmt":"2010-09-06T06:19:59","slug":"manifiesto-en-defensa-de-los-derechos-fundamentales-en-internet-2","status":"publish","type":"post","link":"https:\/\/elbonia.cent.uji.es\/jordi\/2010\/03\/19\/manifiesto-en-defensa-de-los-derechos-fundamentales-en-internet-2\/","title":{"rendered":"Manifiesto en defensa de los derechos fundamentales en Internet"},"content":{"rendered":"<p>Reproduzco \u00edntegra la <a href=\"http:\/\/www.microsiervos.com\/archivo\/internet\/insistimos-en-defensa-de-los-derechos-fundamentales-en-internet.html\" target=\"_blank\">entrada<\/a> que Wicho publica hoy en Microsiervos.<\/p>\n<p><strong><a href=\"http:\/\/www.microsiervos.com\/archivo\/internet\/insistimos-en-defensa-de-los-derechos-fundamentales-en-internet.html\">Insistimos:  Manifiesto en defensa de los derechos fundamentales en Internet<\/a><\/strong><\/p>\n<p>Todo parece indicar que el Consejo de Ministros aprobar\u00e1 hoy viernes  en Sevilla, en pleno puente de San Jos\u00e9, como quien no quiere la cosa,  ese engendro llamado \u00abLey de Econom\u00eda Sostenible\u00bb, que incluye la  conocida como \u00abLey Sinde\u00bb, que permitir\u00e1 el cierre de p\u00e1ginas web en  s\u00f3lo cuatro d\u00edas. Y todo parece indicar tambi\u00e9n que lo har\u00e1 sin  modificaci\u00f3n alguna a pesar de los informes negativos de distintos  \u00f3rganos consultivos.<\/p>\n<p>Nos sumamos a los blogs que republican hoy el manifiesto conjunto del  pasado mes de diciembre ante lo extremadamente grave que nos parec\u00eda y  nos parece esto, y animamos a todo el mundo a hacer lo mismo:<\/p>\n<p style=\"text-align: center;\"><a href=\"http:\/\/elbonia.cent.uji.es\/jordi\/wp-content\/uploads\/2010\/03\/manifiesto-eneko-1.jpg\"><img loading=\"lazy\" decoding=\"async\" class=\"aligncenter size-medium wp-image-1184\" title=\"manifiesto-eneko-1\" src=\"http:\/\/elbonia.cent.uji.es\/jordi\/wp-content\/uploads\/2010\/03\/manifiesto-eneko-1-300x202.jpg\" alt=\"\" width=\"300\" height=\"202\" srcset=\"https:\/\/elbonia.cent.uji.es\/jordi\/wp-content\/uploads\/2010\/03\/manifiesto-eneko-1-300x202.jpg 300w, https:\/\/elbonia.cent.uji.es\/jordi\/wp-content\/uploads\/2010\/03\/manifiesto-eneko-1.jpg 380w\" sizes=\"auto, (max-width: 300px) 100vw, 300px\" \/><\/a><\/p>\n<p>Ante la inclusi\u00f3n en el Anteproyecto de Ley de Econom\u00eda sostenible de  modificaciones legislativas que afectan al libre ejercicio de las  libertades de expresi\u00f3n, informaci\u00f3n y el derecho de acceso a la cultura  a trav\u00e9s de Internet, los periodistas, bloggers, usuarios,  profesionales y creadores de internet manifestamos nuestra firme  oposici\u00f3n al proyecto, y declaramos que:<\/p>\n<ol>\n<li><strong>Los derechos de autor no pueden situarse por encima de los  derechos fundamentales de los ciudadanos,<\/strong> como el derecho a la  privacidad, a la seguridad, a la presunci\u00f3n de inocencia, a la tutela  judicial efectiva y a la libertad de expresi\u00f3n.<\/li>\n<li><strong>La suspensi\u00f3n de derechos fundamentales es y debe seguir  siendo competencia exclusiva del poder judicial. Ni un cierre sin  sentencia.<\/strong> Este anteproyecto, en contra de lo establecido en el  <a href=\"http:\/\/narros.congreso.es\/constitucion\/constitucion\/indice\/sinopsis\/sinopsis.jsp?art=20&amp;tipo=2\">art\u00edculo  20.5 de la Constituci\u00f3n<\/a>, pone en manos de un \u00f3rgano no judicial -un  organismo dependiente del ministerio de Cultura-, la potestad de  impedir a los ciudadanos espa\u00f1oles el acceso a cualquier p\u00e1gina web.<\/li>\n<li><strong>La nueva legislaci\u00f3n crear\u00e1 inseguridad jur\u00eddica en todo el  sector tecnol\u00f3gico espa\u00f1ol,<\/strong> perjudicando uno de los pocos  campos de desarrollo y futuro de nuestra econom\u00eda, entorpeciendo la  creaci\u00f3n de empresas, introduciendo trabas a la libre competencia y  ralentizando su proyecci\u00f3n internacional.<\/li>\n<li><strong>La nueva legislaci\u00f3n propuesta amenaza a los nuevos  creadores y entorpece la creaci\u00f3n cultural.<\/strong> Con Internet y los  sucesivos avances tecnol\u00f3gicos se ha democratizado extraordinariamente  la creaci\u00f3n y emisi\u00f3n de contenidos de todo tipo, que ya no provienen  prevalentemente de las industrias culturales tradicionales, sino de  multitud de fuentes diferentes.<\/li>\n<li><strong>Los autores, como todos los trabajadores, tienen derecho a  vivir de su trabajo con nuevas ideas creativas,<\/strong> modelos de  negocio y actividades asociadas a sus creaciones. Intentar sostener con  cambios legislativos a una industria obsoleta que no sabe adaptarse a  este nuevo entorno no es ni justo ni realista. Si su modelo de negocio  se basaba en el control de las copias de las obras y en Internet no es  posible sin vulnerar derechos fundamentales, deber\u00edan buscar otro  modelo.<\/li>\n<li><strong>Consideramos que las industrias culturales necesitan para  sobrevivir alternativas modernas, eficaces, cre\u00edbles y asequibles<\/strong> y que se adecuen a los nuevos usos sociales, en lugar de limitaciones  tan desproporcionadas como ineficaces para el fin que dicen perseguir.<\/li>\n<li><strong>Internet debe funcionar de forma libre y sin interferencias  pol\u00edticas<\/strong> auspiciadas por sectores que pretenden perpetuar  obsoletos modelos de negocio e imposibilitar que el saber humano siga  siendo libre.<\/li>\n<li><strong>Exigimos que el Gobierno garantice por ley la <a href=\"http:\/\/es.wikipedia.org\/wiki\/Neutralidad_de_red\">neutralidad de la  Red<\/a>, en Espa\u00f1a<\/strong> ante cualquier presi\u00f3n que pueda  producirse, como marco para el desarrollo de una econom\u00eda sostenible y  realista de cara al futuro.<\/li>\n<li><strong>Proponemos una verdadera reforma del derecho de propiedad  intelectual<\/strong> orientada a su fin: devolver a la sociedad el  conocimiento, promover el dominio p\u00fablico y limitar los abusos de las  entidades gestoras.<\/li>\n<li><strong>En democracia las leyes y sus modificaciones deben aprobarse  tras el oportuno debate p\u00fablico y habiendo consultado previamente a  todas las partes implicadas.<\/strong> No es de recibo que se realicen  cambios legislativos que afectan a derechos fundamentales en una ley no  org\u00e1nica y que versa sobre otra materia.<\/li>\n<\/ol>\n<p><em>Este manifiesto, elaborado de forma conjunta por varios autores,  es de todos y de ninguno. Se ha publicado en multitud de sitios web. Si  est\u00e1s de acuerdo y quieres sumarte a \u00e9l, dif\u00fandelo por Internet.<\/em><\/p>\n<p>Tambi\u00e9n est\u00e1 disponible en <a href=\"http:\/\/wiki.manifiestointernet.org\/wiki\/Manifesto_in_Defense_of_Fundamental_Rights_on_the_Internet\">ingl\u00e9s<\/a>,  <a href=\"http:\/\/wiki.manifiestointernet.org\/wiki\/Manifeste_pour_la_d%C3%A9fense_des_droits_fondamentaux_sur_Internet\">franc\u00e9s<\/a>,  <a href=\"http:\/\/wiki.manifiestointernet.org\/wiki\/Manifesto_em_defesa_dos_direitos_fundamentais_na_Internet\">portugu\u00e9s  brasileiro<\/a>, <a href=\"http:\/\/wiki.manifiestointernet.org\/wiki\/Manifest_I_f%C3%B6rsvaret_av_grundl%C3%A4ggande_r%C3%A4ttigheter_p%C3%A5_Internet\">sueco<\/a> y <a href=\"http:\/\/wiki.manifiestointernet.org\/wiki\/Manifest_en_defensa_dels_drets_fonamentals_a_internet\">catal\u00e1n<\/a>,  <a href=\"http:\/\/wiki.manifiestointernet.org\/wiki\/Manifesto_en_defensa_dos_dereitos_fundamentais_en_Internet\">gallego<\/a>,  <a href=\"http:\/\/wiki.manifiestointernet.org\/wiki\/Manifiestu_na_defensa_de_los_drechos_fundamentales_n%E2%80%99Internet\">asturiano<\/a>,  <a href=\"http:\/\/wiki.manifiestointernet.org\/wiki\/Crida_en_esfensa_d%E2%80%99os_dreitos_alazetals_en_Internet\">aragon\u00e9s<\/a>,  <a href=\"http:\/\/wiki.manifiestointernet.org\/wiki\/Internet-eko_oinarrizko_eskubideen_aldeko_Adierazpena\">euskera<\/a>.<\/p>\n","protected":false},"excerpt":{"rendered":"<p>Reproduzco \u00edntegra la entrada que Wicho publica hoy en Microsiervos. Insistimos: Manifiesto en defensa de los derechos fundamentales en Internet Todo parece indicar que el Consejo de Ministros aprobar\u00e1 hoy viernes en Sevilla, en pleno puente de San Jos\u00e9, como quien no quiere la cosa, ese engendro llamado \u00abLey de Econom\u00eda Sostenible\u00bb, que incluye la [&hellip;]<\/p>\n","protected":false},"author":2,"featured_media":0,"comment_status":"closed","ping_status":"open","sticky":false,"template":"","format":"standard","meta":{"_jetpack_newsletter_access":"","_jetpack_dont_email_post_to_subs":false,"_jetpack_newsletter_tier_id":0,"_jetpack_memberships_contains_paywalled_content":false,"_jetpack_memberships_contains_paid_content":false,"footnotes":""},"categories":[69],"tags":[],"class_list":["post-1182","post","type-post","status-publish","format-standard","hentry","category-cultura-libre"],"jetpack_featured_media_url":"","jetpack_sharing_enabled":true,"jetpack_shortlink":"https:\/\/wp.me\/p74JOR-j4","_links":{"self":[{"href":"https:\/\/elbonia.cent.uji.es\/jordi\/wp-json\/wp\/v2\/posts\/1182","targetHints":{"allow":["GET"]}}],"collection":[{"href":"https:\/\/elbonia.cent.uji.es\/jordi\/wp-json\/wp\/v2\/posts"}],"about":[{"href":"https:\/\/elbonia.cent.uji.es\/jordi\/wp-json\/wp\/v2\/types\/post"}],"author":[{"embeddable":true,"href":"https:\/\/elbonia.cent.uji.es\/jordi\/wp-json\/wp\/v2\/users\/2"}],"replies":[{"embeddable":true,"href":"https:\/\/elbonia.cent.uji.es\/jordi\/wp-json\/wp\/v2\/comments?post=1182"}],"version-history":[{"count":3,"href":"https:\/\/elbonia.cent.uji.es\/jordi\/wp-json\/wp\/v2\/posts\/1182\/revisions"}],"predecessor-version":[{"id":1299,"href":"https:\/\/elbonia.cent.uji.es\/jordi\/wp-json\/wp\/v2\/posts\/1182\/revisions\/1299"}],"wp:attachment":[{"href":"https:\/\/elbonia.cent.uji.es\/jordi\/wp-json\/wp\/v2\/media?parent=1182"}],"wp:term":[{"taxonomy":"category","embeddable":true,"href":"https:\/\/elbonia.cent.uji.es\/jordi\/wp-json\/wp\/v2\/categories?post=1182"},{"taxonomy":"post_tag","embeddable":true,"href":"https:\/\/elbonia.cent.uji.es\/jordi\/wp-json\/wp\/v2\/tags?post=1182"}],"curies":[{"name":"wp","href":"https:\/\/api.w.org\/{rel}","templated":true}]}}