{"id":1354,"date":"2011-02-19T08:25:18","date_gmt":"2011-02-19T07:25:18","guid":{"rendered":"http:\/\/elbonia.cent.uji.es\/jordi\/?p=1354"},"modified":"2011-02-19T08:32:03","modified_gmt":"2011-02-19T07:32:03","slug":"el-pp-valencia-tanca-la-tv3-despres-de-26-anys","status":"publish","type":"post","link":"https:\/\/elbonia.cent.uji.es\/jordi\/2011\/02\/19\/el-pp-valencia-tanca-la-tv3-despres-de-26-anys\/","title":{"rendered":"El PP valenci\u00e0 tanca la TV3 despr\u00e9s de 26 anys"},"content":{"rendered":"<p>Aquesta can\u00e7\u00f3, despr\u00e9s de tants anys, segueix deixant-me els ulls humits.<\/p>\n<p>No tenim les claus de casa nostra \ud83d\ude41<\/p>\n<p>Al Tall, \u00abTio Canya\u00bb.<\/p>\n<p><object classid=\"clsid:d27cdb6e-ae6d-11cf-96b8-444553540000\" width=\"480\" height=\"390\" codebase=\"http:\/\/download.macromedia.com\/pub\/shockwave\/cabs\/flash\/swflash.cab#version=6,0,40,0\"><param name=\"allowFullScreen\" value=\"true\" \/><param name=\"allowscriptaccess\" value=\"always\" \/><param name=\"src\" value=\"http:\/\/www.youtube.com\/v\/4O3e_TAcdhs?fs=1&amp;hl=ca_ES\" \/><param name=\"allowfullscreen\" value=\"true\" \/><\/object><\/p>\n","protected":false},"excerpt":{"rendered":"<p>Aquesta can\u00e7\u00f3, despr\u00e9s de tants anys, segueix deixant-me els ulls humits. No tenim les claus de casa nostra \ud83d\ude41 Al Tall, \u00abTio Canya\u00bb.<\/p>\n","protected":false},"author":2,"featured_media":0,"comment_status":"open","ping_status":"open","sticky":false,"template":"","format":"standard","meta":{"_jetpack_newsletter_access":"","_jetpack_dont_email_post_to_subs":false,"_jetpack_newsletter_tier_id":0,"_jetpack_memberships_contains_paywalled_content":false,"_jetpack_memberships_contains_paid_content":false,"footnotes":""},"categories":[69],"tags":[],"class_list":["post-1354","post","type-post","status-publish","format-standard","hentry","category-cultura-libre"],"jetpack_featured_media_url":"","jetpack_sharing_enabled":true,"jetpack_shortlink":"https:\/\/wp.me\/p74JOR-lQ","_links":{"self":[{"href":"https:\/\/elbonia.cent.uji.es\/jordi\/wp-json\/wp\/v2\/posts\/1354","targetHints":{"allow":["GET"]}}],"collection":[{"href":"https:\/\/elbonia.cent.uji.es\/jordi\/wp-json\/wp\/v2\/posts"}],"about":[{"href":"https:\/\/elbonia.cent.uji.es\/jordi\/wp-json\/wp\/v2\/types\/post"}],"author":[{"embeddable":true,"href":"https:\/\/elbonia.cent.uji.es\/jordi\/wp-json\/wp\/v2\/users\/2"}],"replies":[{"embeddable":true,"href":"https:\/\/elbonia.cent.uji.es\/jordi\/wp-json\/wp\/v2\/comments?post=1354"}],"version-history":[{"count":7,"href":"https:\/\/elbonia.cent.uji.es\/jordi\/wp-json\/wp\/v2\/posts\/1354\/revisions"}],"predecessor-version":[{"id":1360,"href":"https:\/\/elbonia.cent.uji.es\/jordi\/wp-json\/wp\/v2\/posts\/1354\/revisions\/1360"}],"wp:attachment":[{"href":"https:\/\/elbonia.cent.uji.es\/jordi\/wp-json\/wp\/v2\/media?parent=1354"}],"wp:term":[{"taxonomy":"category","embeddable":true,"href":"https:\/\/elbonia.cent.uji.es\/jordi\/wp-json\/wp\/v2\/categories?post=1354"},{"taxonomy":"post_tag","embeddable":true,"href":"https:\/\/elbonia.cent.uji.es\/jordi\/wp-json\/wp\/v2\/tags?post=1354"}],"curies":[{"name":"wp","href":"https:\/\/api.w.org\/{rel}","templated":true}]}}