{"id":1923,"date":"2011-07-06T12:15:48","date_gmt":"2011-07-06T11:15:48","guid":{"rendered":"http:\/\/elbonia.cent.uji.es\/jordi\/?p=1923"},"modified":"2011-07-07T20:01:17","modified_gmt":"2011-07-07T19:01:17","slug":"escuela-2-0-vs-magisterio-0-9","status":"publish","type":"post","link":"https:\/\/elbonia.cent.uji.es\/jordi\/2011\/07\/06\/escuela-2-0-vs-magisterio-0-9\/","title":{"rendered":"Escuela 2.0 &#8211; Magisterio 0.9"},"content":{"rendered":"<p>En un reciente art\u00edculo de <em>Rosario y\u00a0<em>Gabriel Herrada Valverde publicado en EDUTEC y <\/em><\/em>titulado \u00ab<a href=\"http:\/\/edutec.rediris.es\/Revelec2\/Revelec36\/adaptacion_estudios_magisterio_eees_nuevos_planes_estudio.html\" target=\"_blank\">Adaptaci\u00f3n de los estudios de Magisterio al EEES: las TIC en los nuevos planes de estudio<\/a>\u00bb se analiza el caos de las TIC en los nuevos planes de estudio de Magisterio:<\/p>\n<blockquote><p>Los resultados muestran que, mientras los antiguos grados la asignatura troncal que ofrec\u00eda una formaci\u00f3n com\u00fan a todos los estudios dentro del territorio nacional, en los nuevos planes se observa una clara dispersi\u00f3n de la presencia de estas asignaturas dependiendo de cada universidad. As\u00ed, mientras algunas universidades incluyen varias asignaturas relacionadas con las TIC, o incluso menciones o itinerarios espec\u00edficos en dicha materia, otras no ofertan asignatura alguna sobre TIC, ni siquiera como optatividad. Por otro lado, se observa como, en general, la presencia de asignaturas TIC en los Grados de Educaci\u00f3n Primaria es mayor que en los de Educaci\u00f3n Infantil.<\/p><\/blockquote>\n<p>Yo puedo hacer otro estudio r\u00e1pido sobre las TIC en el M\u00e1ster de Formaci\u00f3n del Profesorado de Secundaria: se deben haber integrado tanto ya en la docencia que no hace falta incluirlas en los planes de estudio. No existen.<\/p>\n<p>Y luego las autoridades quieren \u00abescuelas 2.0&#8243;&#8230;\u00bfcon una formaci\u00f3n inicial 0.9?<\/p>\n<p>&nbsp;<\/p>\n<p>&nbsp;<\/p>\n<p>&nbsp;<\/p>\n<p>&nbsp;<\/p>\n<p>&nbsp;<\/p>\n<p>&nbsp;<\/p>\n<p>&nbsp;<\/p>\n<p>&nbsp;<\/p>\n<p>&nbsp;<\/p>\n<p>&nbsp;<\/p>\n","protected":false},"excerpt":{"rendered":"<p>En un reciente art\u00edculo de Rosario y\u00a0Gabriel Herrada Valverde publicado en EDUTEC y titulado \u00abAdaptaci\u00f3n de los estudios de Magisterio al EEES: las TIC en los nuevos planes de estudio\u00bb se analiza el caos de las TIC en los nuevos planes de estudio de Magisterio: Los resultados muestran que, mientras los antiguos grados la asignatura [&hellip;]<\/p>\n","protected":false},"author":2,"featured_media":0,"comment_status":"open","ping_status":"open","sticky":false,"template":"","format":"standard","meta":{"_jetpack_newsletter_access":"","_jetpack_dont_email_post_to_subs":false,"_jetpack_newsletter_tier_id":0,"_jetpack_memberships_contains_paywalled_content":false,"_jetpack_memberships_contains_paid_content":false,"footnotes":""},"categories":[280],"tags":[],"class_list":["post-1923","post","type-post","status-publish","format-standard","hentry","category-blog"],"jetpack_featured_media_url":"","jetpack_sharing_enabled":true,"jetpack_shortlink":"https:\/\/wp.me\/p74JOR-v1","_links":{"self":[{"href":"https:\/\/elbonia.cent.uji.es\/jordi\/wp-json\/wp\/v2\/posts\/1923","targetHints":{"allow":["GET"]}}],"collection":[{"href":"https:\/\/elbonia.cent.uji.es\/jordi\/wp-json\/wp\/v2\/posts"}],"about":[{"href":"https:\/\/elbonia.cent.uji.es\/jordi\/wp-json\/wp\/v2\/types\/post"}],"author":[{"embeddable":true,"href":"https:\/\/elbonia.cent.uji.es\/jordi\/wp-json\/wp\/v2\/users\/2"}],"replies":[{"embeddable":true,"href":"https:\/\/elbonia.cent.uji.es\/jordi\/wp-json\/wp\/v2\/comments?post=1923"}],"version-history":[{"count":7,"href":"https:\/\/elbonia.cent.uji.es\/jordi\/wp-json\/wp\/v2\/posts\/1923\/revisions"}],"predecessor-version":[{"id":1925,"href":"https:\/\/elbonia.cent.uji.es\/jordi\/wp-json\/wp\/v2\/posts\/1923\/revisions\/1925"}],"wp:attachment":[{"href":"https:\/\/elbonia.cent.uji.es\/jordi\/wp-json\/wp\/v2\/media?parent=1923"}],"wp:term":[{"taxonomy":"category","embeddable":true,"href":"https:\/\/elbonia.cent.uji.es\/jordi\/wp-json\/wp\/v2\/categories?post=1923"},{"taxonomy":"post_tag","embeddable":true,"href":"https:\/\/elbonia.cent.uji.es\/jordi\/wp-json\/wp\/v2\/tags?post=1923"}],"curies":[{"name":"wp","href":"https:\/\/api.w.org\/{rel}","templated":true}]}}