{"id":2458,"date":"2012-03-12T11:14:10","date_gmt":"2012-03-12T10:14:10","guid":{"rendered":"http:\/\/elbonia.cent.uji.es\/jordi\/?p=2458"},"modified":"2012-03-12T11:14:10","modified_gmt":"2012-03-12T10:14:10","slug":"de-vuelta-del-eabe12","status":"publish","type":"post","link":"https:\/\/elbonia.cent.uji.es\/jordi\/2012\/03\/12\/de-vuelta-del-eabe12\/","title":{"rendered":"De vuelta del EABE12"},"content":{"rendered":"<figure style=\"width: 640px\" class=\"wp-caption aligncenter\"><a href=\"http:\/\/zoom.it\/hkQL\"><img loading=\"lazy\" decoding=\"async\" class=\" \" title=\"Foto de familia del EABE12 (Carmona, Sevilla, 9.10 y 11 de marzo de 2012)\" src=\"http:\/\/eabe12.wikispaces.com\/file\/view\/foto_de_familia_eabe12web.jpg\/309811736\/800x533\/foto_de_familia_eabe12web.jpg\" alt=\"Foto de familia del EABE12 (Carmona, Sevilla, 9.10 y 11 de marzo de 2012)\" width=\"640\" height=\"426\" \/><\/a><figcaption class=\"wp-caption-text\">Foto de familia del EABE12 (Carmona, Sevilla, 9.10 y 11 de marzo de 2012)<\/figcaption><\/figure>\n<p>&nbsp;<\/p>\n<p>Con los recuerdos todav\u00eda frescos me gustar\u00eda dejar escritas algunas cosas que aprend\u00ed este fin de semana en Carmona (Sevilla) en el EABE12. Este a\u00f1o estaba dedicado a \u00abHacer visible lo invisible\u00bb. Y en la educaci\u00f3n y en la escuela hay muchas cosas invisibles. En Carmona tuvimos ocasi\u00f3n de poder ver algunas: pudimos oir a profesores, a las familias y a los alumnos\/as, los convidados de piedra en muchas decisiones educativas. Y me impresion\u00f3 especialmente oir a os alumnos (v\u00e9ase en el v\u00eddeo siguiente\u00a0a partir del minuto 02:04:00&#8230; bueno, mejor verlo todo tranquilamente).\u00a0<\/p>\n<p><object id=\"bplayer\" width=\"460\" height=\"396\" classid=\"clsid:d27cdb6e-ae6d-11cf-96b8-444553540000\" codebase=\"http:\/\/download.macromedia.com\/pub\/shockwave\/cabs\/flash\/swflash.cab#version=6,0,40,0\"><param name=\"allowfullscreen\" value=\"true\" \/><param name=\"allowscriptaccess\" value=\"always\" \/><param name=\"wmode\" value=\"opaque\" \/><param name=\"src\" value=\"http:\/\/static.bambuser.com\/r\/player.swf?vid=2458816\" \/><\/object><\/p>\n<p>Empezaron t\u00edmidos (hablar delante de cientos de personas es un mal trago para muchas personas, y si son tus profesores&#8230; ), pero poco a poco se fueron soltando y nos dijeron cosas muy interesantes: basta saber escucharles (lo cu\u00e1l depende, naturalmente, de nuestra <a href=\"http:\/\/elbonia.cent.uji.es\/jordi\/2012\/02\/19\/concepciones-de-la-ensenanza\" target=\"_blank\">concepci\u00f3n de la ense\u00f1anza<\/a>). Como se puede ver en el v\u00eddeo, fueron muy educados y correctos y no hicieron sangre (tambi\u00e9n ten\u00edan a sus padres por all\u00ed cerca :-)), pero&#8230; como digo, basta saber escuchar.<\/p>\n<p>Por resumir lo que yo saqu\u00e9 en claro, aunque quiz\u00e1 algunas cosas las \u00abpongo\u00bb yo en sus palabras: no les gusta mucho\u00a0<em>nuestra<\/em> escuela. Les parece aburrida, reglamentista y autoritaria, pensada para el profesorado y no para ellos (por ejemplo, los horarios). Los profesores somos previsibles y repetitivos: todos los d\u00edas hacemos lo mismo, b\u00e1sicamente seguir el libro de texto, y ellos saben que eso no les ayuda a aprender porque han comprobado que se les olvida casi todo el dia siguiente del examen. Saben que mucho de lo que les hacemos aprender solo les sirve para aprobar el examen. Usan poco las TIC y menos para investigar y averiguar cosas por su cuenta. Los profesores usamos la evaluaci\u00f3n como herramienta de control de su comportamiento. Los tenemos \u00abetiquetados\u00bb y los valoramos y tratamos seg\u00fan esas etiquetas, no seg\u00fan sus m\u00e9ritos o esfuerzo. No les tenemos demasiado en cuenta cuando tomamos decisiones y tienen opiniones fundamentadas sobre todo lo que sucede en la escuela y les afecta&#8230;\u00a0En resumen, nos \u00abretrataron\u00bb l\u00facidamente como colectivo y nos hicieron ver algunas l\u00edneas maestras del \u00ab<a href=\"http:\/\/es.wikipedia.org\/wiki\/Curriculum_oculto\" target=\"_blank\">curr\u00edculum oculto<\/a>\u00bb de nuestras escuelas e institutos y, en mi opini\u00f3n, nos dejaron claro un mensaje: escuchadnos porque tenemos mucho que aportar.\u00a0<\/p>\n<p>Casi al final alguien les pregunt\u00f3 qu\u00e9 hab\u00edan aprendido viniendo al EABE12 y uno de los chicos dijo sonriendo: \u00aba hablar en p\u00fablico\u00bb.\u00a0<\/p>\n<p>Nos dieron una buena lecci\u00f3n.<\/p>\n<p>Psd.: Quiero darle las gracias a Lorena, del <a href=\"http:\/\/www.wix.com\/ceipsanjoseobrero\/sanjoseobrero\" target=\"_blank\">CEIP San Jose Obrero<\/a> de Sevilla, la autora de la m\u00e1scara tan chula que me toc\u00f3 en el EABE12.<\/p>\n<figure id=\"attachment_2464\" aria-describedby=\"caption-attachment-2464\" style=\"width: 576px\" class=\"wp-caption aligncenter\"><a href=\"http:\/\/elbonia.cent.uji.es\/jordi\/wp-content\/uploads\/2012\/03\/careta-EABE12.jpg\"><img loading=\"lazy\" decoding=\"async\" class=\" wp-image-2464 \" title=\"careta EABE12\" src=\"http:\/\/elbonia.cent.uji.es\/jordi\/wp-content\/uploads\/2012\/03\/careta-EABE12.jpg\" alt=\"\" width=\"576\" height=\"432\" srcset=\"https:\/\/elbonia.cent.uji.es\/jordi\/wp-content\/uploads\/2012\/03\/careta-EABE12.jpg 960w, https:\/\/elbonia.cent.uji.es\/jordi\/wp-content\/uploads\/2012\/03\/careta-EABE12-300x225.jpg 300w\" sizes=\"auto, (max-width: 576px) 100vw, 576px\" \/><\/a><figcaption id=\"caption-attachment-2464\" class=\"wp-caption-text\">La careta de Lorena<\/figcaption><\/figure>\n<p>&nbsp;<\/p>\n","protected":false},"excerpt":{"rendered":"<p>&nbsp; Con los recuerdos todav\u00eda frescos me gustar\u00eda dejar escritas algunas cosas que aprend\u00ed este fin de semana en Carmona (Sevilla) en el EABE12. Este a\u00f1o estaba dedicado a \u00abHacer visible lo invisible\u00bb. Y en la educaci\u00f3n y en la escuela hay muchas cosas invisibles. En Carmona tuvimos ocasi\u00f3n de poder ver algunas: pudimos oir [&hellip;]<\/p>\n","protected":false},"author":2,"featured_media":0,"comment_status":"open","ping_status":"closed","sticky":false,"template":"","format":"standard","meta":{"_jetpack_newsletter_access":"","_jetpack_dont_email_post_to_subs":false,"_jetpack_newsletter_tier_id":0,"_jetpack_memberships_contains_paywalled_content":false,"_jetpack_memberships_contains_paid_content":false,"footnotes":""},"categories":[249,57],"tags":[],"class_list":["post-2458","post","type-post","status-publish","format-standard","hentry","category-innovacion-educativa","category-jornadas"],"jetpack_featured_media_url":"","jetpack_sharing_enabled":true,"jetpack_shortlink":"https:\/\/wp.me\/p74JOR-DE","_links":{"self":[{"href":"https:\/\/elbonia.cent.uji.es\/jordi\/wp-json\/wp\/v2\/posts\/2458","targetHints":{"allow":["GET"]}}],"collection":[{"href":"https:\/\/elbonia.cent.uji.es\/jordi\/wp-json\/wp\/v2\/posts"}],"about":[{"href":"https:\/\/elbonia.cent.uji.es\/jordi\/wp-json\/wp\/v2\/types\/post"}],"author":[{"embeddable":true,"href":"https:\/\/elbonia.cent.uji.es\/jordi\/wp-json\/wp\/v2\/users\/2"}],"replies":[{"embeddable":true,"href":"https:\/\/elbonia.cent.uji.es\/jordi\/wp-json\/wp\/v2\/comments?post=2458"}],"version-history":[{"count":7,"href":"https:\/\/elbonia.cent.uji.es\/jordi\/wp-json\/wp\/v2\/posts\/2458\/revisions"}],"predecessor-version":[{"id":2466,"href":"https:\/\/elbonia.cent.uji.es\/jordi\/wp-json\/wp\/v2\/posts\/2458\/revisions\/2466"}],"wp:attachment":[{"href":"https:\/\/elbonia.cent.uji.es\/jordi\/wp-json\/wp\/v2\/media?parent=2458"}],"wp:term":[{"taxonomy":"category","embeddable":true,"href":"https:\/\/elbonia.cent.uji.es\/jordi\/wp-json\/wp\/v2\/categories?post=2458"},{"taxonomy":"post_tag","embeddable":true,"href":"https:\/\/elbonia.cent.uji.es\/jordi\/wp-json\/wp\/v2\/tags?post=2458"}],"curies":[{"name":"wp","href":"https:\/\/api.w.org\/{rel}","templated":true}]}}