{"id":310,"date":"2008-08-08T23:13:22","date_gmt":"2008-08-08T22:13:22","guid":{"rendered":"http:\/\/elbonia.cent.uji.es\/jordi\/?p=310"},"modified":"2008-08-08T23:14:19","modified_gmt":"2008-08-08T22:14:19","slug":"lecturas-de-verano-iii-jordi-vivancos-tratamiento-de-la-informacion-y-competencia-digital","status":"publish","type":"post","link":"https:\/\/elbonia.cent.uji.es\/jordi\/2008\/08\/08\/lecturas-de-verano-iii-jordi-vivancos-tratamiento-de-la-informacion-y-competencia-digital\/","title":{"rendered":"Lecturas de verano (III): Jordi Vivancos: Tratamiento de la informaci\u00f3n y competencia digital"},"content":{"rendered":"<p><a href=\"http:\/\/www.blogger.com\/profile\/12588266416705043744\" target=\"_blank\">Jordi Vivancos<\/a> acaba de pubicar un libro titulado \u00ab<a href=\"http:\/\/www.alianzaeditorial.es\/cgigeneral\/ficha.pl?codigo_comercial=3494303&amp;id_sello_editorial_web=34\" target=\"_blank\">Tratamiento de la informaci\u00f3n y competencia digita<\/a>l\u00bb (Madrid: Alianza ISBN: ) dirigido a docentes de Primaria y ESO y que explica estupendamente qu\u00e9 es la competencia digital y las diversas alfabetizaciones que engloba (alfabetizaci\u00f3n en comunicaci\u00f3n audiovisual, alfabetizaci\u00f3n informacional y alfabetizaci\u00f3n en tecnolog\u00edas de la informaci\u00f3n y la comunicaci\u00f3n), qu\u00e9 \u00abdice\u00bb el curr\u00edculum de Primaria y ESO sobre la competencia digital, el plan TIC de centro como eje b\u00e1sico para la implantaci\u00f3n de la competencia digital y c\u00f3mo \u00abtrabajar\u00bb la competencia digital en actividades did\u00e1cticas de todas las \u00e1reas del curr\u00edculum.<\/p>\n<p>Es un libro absolutamente imprescindible para todos aquellos\/as docentes que quieran comprender en profundidad qu\u00e9 es la competencia digital, qu\u00e9 dice la LOE y el actual curr\u00edculum de Primaria y ESO sobre ella y que quieran dise\u00f1ar y llevar a cabo actividades did\u00e1cticas para desarrollar dicha competencia en sus clases.<\/p>\n<p style=\"text-align: center;\"><a href=\"http:\/\/elbonia.cent.uji.es\/jordi\/wp-content\/uploads\/2008\/08\/vivancos.jpg\"><img loading=\"lazy\" decoding=\"async\" class=\"aligncenter size-full wp-image-312\" style=\"border: 0pt none;\" title=\"vivancos\" src=\"http:\/\/elbonia.cent.uji.es\/jordi\/wp-content\/uploads\/2008\/08\/vivancos.jpg\" alt=\"\" width=\"200\" height=\"297\" \/><\/a><\/p>\n","protected":false},"excerpt":{"rendered":"<p>Jordi Vivancos acaba de pubicar un libro titulado \u00abTratamiento de la informaci\u00f3n y competencia digital\u00bb (Madrid: Alianza ISBN: ) dirigido a docentes de Primaria y ESO y que explica estupendamente qu\u00e9 es la competencia digital y las diversas alfabetizaciones que engloba (alfabetizaci\u00f3n en comunicaci\u00f3n audiovisual, alfabetizaci\u00f3n informacional y alfabetizaci\u00f3n en tecnolog\u00edas de la informaci\u00f3n y [&hellip;]<\/p>\n","protected":false},"author":2,"featured_media":0,"comment_status":"open","ping_status":"open","sticky":false,"template":"","format":"standard","meta":{"_jetpack_newsletter_access":"","_jetpack_dont_email_post_to_subs":false,"_jetpack_newsletter_tier_id":0,"_jetpack_memberships_contains_paywalled_content":false,"_jetpack_memberships_contains_paid_content":false,"footnotes":""},"categories":[129,32],"tags":[185,184],"class_list":["post-310","post","type-post","status-publish","format-standard","hentry","category-competencias","category-libros","tag-jordi-vivancos","tag-tratamiento-de-la-informacion-y-competencia-digital"],"jetpack_featured_media_url":"","jetpack_sharing_enabled":true,"jetpack_shortlink":"https:\/\/wp.me\/p74JOR-50","_links":{"self":[{"href":"https:\/\/elbonia.cent.uji.es\/jordi\/wp-json\/wp\/v2\/posts\/310","targetHints":{"allow":["GET"]}}],"collection":[{"href":"https:\/\/elbonia.cent.uji.es\/jordi\/wp-json\/wp\/v2\/posts"}],"about":[{"href":"https:\/\/elbonia.cent.uji.es\/jordi\/wp-json\/wp\/v2\/types\/post"}],"author":[{"embeddable":true,"href":"https:\/\/elbonia.cent.uji.es\/jordi\/wp-json\/wp\/v2\/users\/2"}],"replies":[{"embeddable":true,"href":"https:\/\/elbonia.cent.uji.es\/jordi\/wp-json\/wp\/v2\/comments?post=310"}],"version-history":[{"count":4,"href":"https:\/\/elbonia.cent.uji.es\/jordi\/wp-json\/wp\/v2\/posts\/310\/revisions"}],"predecessor-version":[{"id":378,"href":"https:\/\/elbonia.cent.uji.es\/jordi\/wp-json\/wp\/v2\/posts\/310\/revisions\/378"}],"wp:attachment":[{"href":"https:\/\/elbonia.cent.uji.es\/jordi\/wp-json\/wp\/v2\/media?parent=310"}],"wp:term":[{"taxonomy":"category","embeddable":true,"href":"https:\/\/elbonia.cent.uji.es\/jordi\/wp-json\/wp\/v2\/categories?post=310"},{"taxonomy":"post_tag","embeddable":true,"href":"https:\/\/elbonia.cent.uji.es\/jordi\/wp-json\/wp\/v2\/tags?post=310"}],"curies":[{"name":"wp","href":"https:\/\/api.w.org\/{rel}","templated":true}]}}