{"id":398,"date":"2008-09-26T19:56:05","date_gmt":"2008-09-26T18:56:05","guid":{"rendered":"http:\/\/elbonia.cent.uji.es\/jordi\/?p=398"},"modified":"2008-09-26T20:01:47","modified_gmt":"2008-09-26T19:01:47","slug":"conferencia-en-godella-valencia","status":"publish","type":"post","link":"https:\/\/elbonia.cent.uji.es\/jordi\/2008\/09\/26\/conferencia-en-godella-valencia\/","title":{"rendered":"Conferencia en Godella (Valencia)"},"content":{"rendered":"<p>El martes 23 de septiembre di media charla en el <a href=\"http:\/\/intercentres.cult.gva.es\/cefire\/46401611\/\" target=\"_blank\">CEFIRE de Godella<\/a> (Valencia) en las \u00ab<a href=\"http:\/\/intercentres.edu.gva.es\/cefire\/46401611\/scripts\/archivos\/Interc_exper_sep.htm\" target=\"_blank\">VIII Jornadas de Intercambio de experiencias &#8216;Las competencias&#8217;<\/a>\u00ab. Y fue media porque compart\u00eda sesi\u00f3n con Fernando Garc\u00eda P\u00e1ez, el jefe de estudios y coordinador TIC del <a href=\"http:\/\/www.juntadeandalucia.es\/averroes\/sanwalabonso\/\" target=\"_blank\">CEIP San Walabonso<\/a> de Niebla (Huelva). El San Walabonso es uno de los centros TIC m\u00e1s interesantes que conozco. No solo todo el equipo docente est\u00e1 comprometido en un proyecto colectivo sino que tienen las ideas muy claras sobre la integraci\u00f3n de las TIC en el curr\u00edculum.<\/p>\n<figure id=\"attachment_399\" aria-describedby=\"caption-attachment-399\" style=\"width: 600px\" class=\"wp-caption aligncenter\"><a href=\"http:\/\/elbonia.cent.uji.es\/jordi\/wp-content\/uploads\/2008\/09\/p1010698.jpg\"><img loading=\"lazy\" decoding=\"async\" class=\"size-medium wp-image-399\" title=\"Fernando G.P\u00e1ez y yo (escondido tras un abanico) en la mesa del teatro Capitolio de Godella (Valencia)\" src=\"http:\/\/elbonia.cent.uji.es\/jordi\/wp-content\/uploads\/2008\/09\/p1010698-300x225.jpg\" alt=\"Fernando G.P\u00e1ez y yo (escondido tras un abanico) en la mesa del teatro Capitolio de Godella (Valencia)\" width=\"600\" height=\"450\" srcset=\"https:\/\/elbonia.cent.uji.es\/jordi\/wp-content\/uploads\/2008\/09\/p1010698-300x225.jpg 300w, https:\/\/elbonia.cent.uji.es\/jordi\/wp-content\/uploads\/2008\/09\/p1010698.jpg 1280w\" sizes=\"auto, (max-width: 600px) 100vw, 600px\" \/><\/a><figcaption id=\"caption-attachment-399\" class=\"wp-caption-text\">Fernando G.P\u00e1ez y yo (escondido tras un abanico) en la mesa del teatro Capitolio de Godella (Valencia)<\/figcaption><\/figure>\n","protected":false},"excerpt":{"rendered":"<p>El martes 23 de septiembre di media charla en el CEFIRE de Godella (Valencia) en las \u00abVIII Jornadas de Intercambio de experiencias &#8216;Las competencias&#8217;\u00ab. Y fue media porque compart\u00eda sesi\u00f3n con Fernando Garc\u00eda P\u00e1ez, el jefe de estudios y coordinador TIC del CEIP San Walabonso de Niebla (Huelva). El San Walabonso es uno de los [&hellip;]<\/p>\n","protected":false},"author":2,"featured_media":0,"comment_status":"open","ping_status":"open","sticky":false,"template":"","format":"standard","meta":{"_jetpack_newsletter_access":"","_jetpack_dont_email_post_to_subs":false,"_jetpack_newsletter_tier_id":0,"_jetpack_memberships_contains_paywalled_content":false,"_jetpack_memberships_contains_paid_content":false,"footnotes":""},"categories":[129,57],"tags":[199,198,147],"class_list":["post-398","post","type-post","status-publish","format-standard","hentry","category-competencias","category-jornadas","tag-cefire-de-godella","tag-ceip-san-walabonso","tag-fernando-garcia-paez"],"jetpack_featured_media_url":"","jetpack_sharing_enabled":true,"jetpack_shortlink":"https:\/\/wp.me\/p74JOR-6q","_links":{"self":[{"href":"https:\/\/elbonia.cent.uji.es\/jordi\/wp-json\/wp\/v2\/posts\/398","targetHints":{"allow":["GET"]}}],"collection":[{"href":"https:\/\/elbonia.cent.uji.es\/jordi\/wp-json\/wp\/v2\/posts"}],"about":[{"href":"https:\/\/elbonia.cent.uji.es\/jordi\/wp-json\/wp\/v2\/types\/post"}],"author":[{"embeddable":true,"href":"https:\/\/elbonia.cent.uji.es\/jordi\/wp-json\/wp\/v2\/users\/2"}],"replies":[{"embeddable":true,"href":"https:\/\/elbonia.cent.uji.es\/jordi\/wp-json\/wp\/v2\/comments?post=398"}],"version-history":[{"count":6,"href":"https:\/\/elbonia.cent.uji.es\/jordi\/wp-json\/wp\/v2\/posts\/398\/revisions"}],"predecessor-version":[{"id":401,"href":"https:\/\/elbonia.cent.uji.es\/jordi\/wp-json\/wp\/v2\/posts\/398\/revisions\/401"}],"wp:attachment":[{"href":"https:\/\/elbonia.cent.uji.es\/jordi\/wp-json\/wp\/v2\/media?parent=398"}],"wp:term":[{"taxonomy":"category","embeddable":true,"href":"https:\/\/elbonia.cent.uji.es\/jordi\/wp-json\/wp\/v2\/categories?post=398"},{"taxonomy":"post_tag","embeddable":true,"href":"https:\/\/elbonia.cent.uji.es\/jordi\/wp-json\/wp\/v2\/tags?post=398"}],"curies":[{"name":"wp","href":"https:\/\/api.w.org\/{rel}","templated":true}]}}