{"id":407,"date":"2008-09-27T01:10:28","date_gmt":"2008-09-27T00:10:28","guid":{"rendered":"http:\/\/elbonia.cent.uji.es\/jordi\/?p=407"},"modified":"2008-09-27T14:07:19","modified_gmt":"2008-09-27T13:07:19","slug":"el-movimiento-del-orador-en-una-presentacion","status":"publish","type":"post","link":"https:\/\/elbonia.cent.uji.es\/jordi\/2008\/09\/27\/el-movimiento-del-orador-en-una-presentacion\/","title":{"rendered":"El movimiento del orador en una presentaci\u00f3n"},"content":{"rendered":"<p>Muchos oradores\/conferenciantes\/etc. se comportan como bustos parlantes, pegados con <a href=\"http:\/\/en.wikipedia.org\/wiki\/Loctite\" target=\"_blank\">Loctite<\/a> a la silla. A veces, medio escondidos detr\u00e1s del port\u00e1til. Yo no puedo hablar as\u00ed&#8230; bueno, s\u00ed que puedo, si no hay m\u00e1s remedio. Por ejemplo, hay salas en las que los organizadores asumen que todo el mundo hablar\u00e1 sentado, detr\u00e1s de una mesa, con el presentador\/moderador al lado. Desde luego es una decisi\u00f3n menos arriesgada que asumir que todo el mundo es como Steve Jobs y montar un escenario vac\u00edo con una gran pantalla y una mesa con ordenadores para las demos a un lado (de todos modos, las presentaciones de Jobs tienen algo de truco: monitores en la primera fila en los que Steve ve la diapositiva actual y la que vendr\u00e1 a continuaci\u00f3n, algo sencillo con Keynote, el soft que usa para las presentaciones, y que creo que ya se puede hacer con la \u00faltima versi\u00f3n de PowerPoint ;-)).<\/p>\n<figure style=\"width: 500px\" class=\"wp-caption aligncenter\"><a href=\"http:\/\/farm4.static.flickr.com\/3055\/2566165047_95770fabf6.jpg\"><img loading=\"lazy\" decoding=\"async\" title=\"Steve Jobs, como acostumbra\" src=\"http:\/\/farm4.static.flickr.com\/3055\/2566165047_95770fabf6.jpg\" alt=\"Steve Jobs en plan Steve Jobs, Foto: mathoov\" width=\"500\" height=\"333\" \/><\/a><figcaption class=\"wp-caption-text\">Steve Jobs en plan &quot;Steve Jobs&quot;, Foto: mathoov http:\/\/www.flickr.com\/photos\/mathoov\/2566165047\/<\/figcaption><\/figure>\n<p>A lo que \u00edbamos, \u00bfc\u00f3mo moverse por un escenario o tarima o sala cuando est\u00e1s dando una charla? En <a href=\"http:\/\/www.speakingaboutpresenting.com\/\" target=\"_blank\">Speaking about Presenting<\/a>, Olivia Mitchell escribe sobre c\u00f3mo utilizar el espacio en <a href=\"http:\/\/www.speakingaboutpresenting.com\/delivery\/9-ways-space-presentation\/\" target=\"_blank\"><em>9 ways to use space in your presentation<\/em><\/a>. Algunos consejos parecen un poco tra\u00eddos por los pelos, pero otros son bastante \u00abnaturales\u00bb. La gente lo hace sin darse demasiada cuenta (yo al menos): acercarse a la primera fila para dar \u00e9nfasis o \u00abcontar un secreto a la audiencia\u00bb, adoptar la \u00abposici\u00f3n de mando\u00bb central para dar el mensaje fundamental o la introducci\u00f3n, acercarse a la pantalla (que debe estar ligeramente a un lado, seg\u00fan Olivia) para centrar la atenci\u00f3n en la transparencia que se est\u00e1 explicando (los punteros l\u00e1ser no se ven m\u00e1s la de la segunda fila y si lo mueves r\u00e1pido, no lo ves ni tu), etc.<\/p>\n<figure style=\"width: 250px\" class=\"wp-caption aligncenter\"><a href=\"http:\/\/www.speakingaboutpresenting.com\/delivery\/9-ways-space-presentation\/\"><img loading=\"lazy\" decoding=\"async\" title=\"Speaking about Presenting: 9.Dance with your Slides\" src=\"http:\/\/www.speakingaboutpresenting.com\/wp-content\/uploads\/2008\/08\/stage-slide-attention.jpg\" alt=\"Baila con tus diapositivas, dice Olivia Mitchell\" width=\"250\" height=\"187\" \/><\/a><figcaption class=\"wp-caption-text\">&quot;Baila con tus diapositivas&quot;, dice Olivia Mitchell<\/figcaption><\/figure>\n<p>En fin, algunos buenos consejos para ir perfeccionando el movimiento. La gente que se mueve parece m\u00e1s \u00absuelta\u00bb y confiada. Los nerviosos, dice Olivia, se quedan congelados en su sitio. El movimiento tranquiliza al orador, ya que disipa adrenalina (creo que si corres sin parar en c\u00edrculos durante una hora disipas bastante adrenalina). Yo llego al final con mucha.<\/p>\n<p>El problema, es que, si te mueves mucho, en las fotos siempre sales borroso \ud83d\ude42<\/p>\n<figure id=\"attachment_408\" aria-describedby=\"caption-attachment-408\" style=\"width: 300px\" class=\"wp-caption aligncenter\"><a href=\"http:\/\/elbonia.cent.uji.es\/jordi\/wp-content\/uploads\/2008\/09\/borroso.jpg\"><img loading=\"lazy\" decoding=\"async\" class=\"size-medium wp-image-408\" title=\"Un alien dando una charla\" src=\"http:\/\/elbonia.cent.uji.es\/jordi\/wp-content\/uploads\/2008\/09\/borroso-300x225.jpg\" alt=\"Un alien dando una charla\" width=\"300\" height=\"225\" \/><\/a><figcaption id=\"caption-attachment-408\" class=\"wp-caption-text\">Un alien dando una charla<\/figcaption><\/figure>\n<p>Otros temas a considerar: d\u00f3nde se puede poner el port\u00e1til para verlo desde tus posiciones, si hay micro inal\u00e1mbrico (<em>lavalier<\/em> o de diadema, preferiblemente o con uno de esos grandes pareces Raphael), si tienes un mando a distancia para pasar las diapositivas (esta es la primera compra de alguien que haga presentaciones), o si delante tienes un parterre con flores. En fin, si alguna vez organizas una conferencia o unas jornadas, conviene preguntar previamente a los oradores si van a hablar sentados o de pie, si van a traer su ordenador y si necesitan amplificar el audio del ordenador. As\u00ed se puede organizar la sala adecuadamente&#8230; \u00a1y pon un par de monitores delante!<\/p>\n","protected":false},"excerpt":{"rendered":"<p>Muchos oradores\/conferenciantes\/etc. se comportan como bustos parlantes, pegados con Loctite a la silla. A veces, medio escondidos detr\u00e1s del port\u00e1til. Yo no puedo hablar as\u00ed&#8230; bueno, s\u00ed que puedo, si no hay m\u00e1s remedio. Por ejemplo, hay salas en las que los organizadores asumen que todo el mundo hablar\u00e1 sentado, detr\u00e1s de una mesa, con [&hellip;]<\/p>\n","protected":false},"author":2,"featured_media":0,"comment_status":"open","ping_status":"open","sticky":false,"template":"","format":"standard","meta":{"_jetpack_newsletter_access":"","_jetpack_dont_email_post_to_subs":false,"_jetpack_newsletter_tier_id":0,"_jetpack_memberships_contains_paywalled_content":false,"_jetpack_memberships_contains_paid_content":false,"footnotes":""},"categories":[14],"tags":[200],"class_list":["post-407","post","type-post","status-publish","format-standard","hentry","category-presentaciones","tag-movimiento"],"jetpack_featured_media_url":"","jetpack_sharing_enabled":true,"jetpack_shortlink":"https:\/\/wp.me\/p74JOR-6z","_links":{"self":[{"href":"https:\/\/elbonia.cent.uji.es\/jordi\/wp-json\/wp\/v2\/posts\/407","targetHints":{"allow":["GET"]}}],"collection":[{"href":"https:\/\/elbonia.cent.uji.es\/jordi\/wp-json\/wp\/v2\/posts"}],"about":[{"href":"https:\/\/elbonia.cent.uji.es\/jordi\/wp-json\/wp\/v2\/types\/post"}],"author":[{"embeddable":true,"href":"https:\/\/elbonia.cent.uji.es\/jordi\/wp-json\/wp\/v2\/users\/2"}],"replies":[{"embeddable":true,"href":"https:\/\/elbonia.cent.uji.es\/jordi\/wp-json\/wp\/v2\/comments?post=407"}],"version-history":[{"count":7,"href":"https:\/\/elbonia.cent.uji.es\/jordi\/wp-json\/wp\/v2\/posts\/407\/revisions"}],"predecessor-version":[{"id":423,"href":"https:\/\/elbonia.cent.uji.es\/jordi\/wp-json\/wp\/v2\/posts\/407\/revisions\/423"}],"wp:attachment":[{"href":"https:\/\/elbonia.cent.uji.es\/jordi\/wp-json\/wp\/v2\/media?parent=407"}],"wp:term":[{"taxonomy":"category","embeddable":true,"href":"https:\/\/elbonia.cent.uji.es\/jordi\/wp-json\/wp\/v2\/categories?post=407"},{"taxonomy":"post_tag","embeddable":true,"href":"https:\/\/elbonia.cent.uji.es\/jordi\/wp-json\/wp\/v2\/tags?post=407"}],"curies":[{"name":"wp","href":"https:\/\/api.w.org\/{rel}","templated":true}]}}