{"id":533,"date":"2008-11-23T11:40:36","date_gmt":"2008-11-23T10:40:36","guid":{"rendered":"http:\/\/elbonia.cent.uji.es\/jordi\/?p=533"},"modified":"2008-11-23T11:46:34","modified_gmt":"2008-11-23T10:46:34","slug":"seminario-en-la-orotava-tenerife","status":"publish","type":"post","link":"https:\/\/elbonia.cent.uji.es\/jordi\/2008\/11\/23\/seminario-en-la-orotava-tenerife\/","title":{"rendered":"Seminario en La Orotava (Tenerife)"},"content":{"rendered":"<p>Los d\u00edas 17 y 18 de noviembre particip\u00e9 en un seminario (\u00abLa Competencia Digital un modelo integrado de trabajo para el centro\u00bb) organizado por el <a href=\"http:\/\/www.gobiernodecanarias.org\/educacion\/3\/Usrn\/cep_orotava\/\" target=\"_blank\">Centro de Profesores Valle de La Orotava<\/a> (Tenerife). All\u00ed conoc\u00ed a un grupo de profesores y profesoras muy ilusionados y deseosos de hacer cosas interesantes con las TIC. Estoy seguro de que dise\u00f1ar\u00e1n y llevaran a cabo actividades de aprendizaje apasionantes con sus alumnos y alumnas. Gracias a Manuel Ortiz por la invitaci\u00f3n y por la magn\u00edfica organizaci\u00f3n y a la gente de los centros adscritos al CP Valle de la Orotava de Tenerife por dos d\u00edas interesant\u00edsimos.<\/p>\n<p>Sobre La Orotava, \u00bfqu\u00e9 se puede decir que no sea ya un t\u00f3pico?. En el IES en el que est\u00e1bamos (ver foto), las vistas al valle quitaban el aliento. Gracias a Manuel, a Cristi, a Clara, a Ra\u00fal (especialmente por las interesant\u00edsimas conversaciones durante la cena \ud83d\ude42 ) y a <a href=\"http:\/\/ordenadoresenelaula.blogspot.com\/\" target=\"_blank\">Manuel \u00c1rea<\/a>.<\/p>\n<figure id=\"attachment_534\" aria-describedby=\"caption-attachment-534\" style=\"width: 500px\" class=\"wp-caption aligncenter\"><a href=\"http:\/\/elbonia.cent.uji.es\/jordi\/wp-content\/uploads\/2008\/11\/tenerife.jpg\"><img loading=\"lazy\" decoding=\"async\" class=\"size-medium wp-image-534\" title=\"Seminario en el Valle de la Orotava\" src=\"http:\/\/elbonia.cent.uji.es\/jordi\/wp-content\/uploads\/2008\/11\/tenerife-300x169.jpg\" alt=\"Manuel Ortiz y yo frente al IES Rafael Arozarena en La Orotava (Tenerife)\" width=\"500\" height=\"281\" \/><\/a><figcaption id=\"caption-attachment-534\" class=\"wp-caption-text\">Manuel Ortiz y yo frente al IES Rafael Arozarena en La Orotava (Tenerife)<\/figcaption><\/figure>\n<div class=\"mceTemp mceIEcenter\">\n<figure id=\"attachment_536\" aria-describedby=\"caption-attachment-536\" style=\"width: 500px\" class=\"wp-caption aligncenter\"><a href=\"http:\/\/elbonia.cent.uji.es\/jordi\/wp-content\/uploads\/2008\/11\/tenerife2.jpg\"><img loading=\"lazy\" decoding=\"async\" class=\"size-medium wp-image-536\" title=\"Vista del Valle de la Orotava desde la escalera\" src=\"http:\/\/elbonia.cent.uji.es\/jordi\/wp-content\/uploads\/2008\/11\/tenerife2-300x168.jpg\" alt=\"Esto es lo que se ve desde las ventanas\" width=\"500\" height=\"281\" srcset=\"https:\/\/elbonia.cent.uji.es\/jordi\/wp-content\/uploads\/2008\/11\/tenerife2-300x168.jpg 300w, https:\/\/elbonia.cent.uji.es\/jordi\/wp-content\/uploads\/2008\/11\/tenerife2.jpg 640w\" sizes=\"auto, (max-width: 500px) 100vw, 500px\" \/><\/a><figcaption id=\"caption-attachment-536\" class=\"wp-caption-text\">Esto es lo que se ve desde las ventanas<\/figcaption><\/figure>\n<\/div>\n","protected":false},"excerpt":{"rendered":"<p>Los d\u00edas 17 y 18 de noviembre particip\u00e9 en un seminario (\u00abLa Competencia Digital un modelo integrado de trabajo para el centro\u00bb) organizado por el Centro de Profesores Valle de La Orotava (Tenerife). All\u00ed conoc\u00ed a un grupo de profesores y profesoras muy ilusionados y deseosos de hacer cosas interesantes con las TIC. Estoy seguro [&hellip;]<\/p>\n","protected":false},"author":2,"featured_media":0,"comment_status":"open","ping_status":"open","sticky":false,"template":"","format":"standard","meta":{"_jetpack_newsletter_access":"","_jetpack_dont_email_post_to_subs":false,"_jetpack_newsletter_tier_id":0,"_jetpack_memberships_contains_paywalled_content":false,"_jetpack_memberships_contains_paid_content":false,"footnotes":""},"categories":[228],"tags":[230,229],"class_list":["post-533","post","type-post","status-publish","format-standard","hentry","category-seminarios","tag-la-orotava-tenerife","tag-seminario"],"jetpack_featured_media_url":"","jetpack_sharing_enabled":true,"jetpack_shortlink":"https:\/\/wp.me\/p74JOR-8B","_links":{"self":[{"href":"https:\/\/elbonia.cent.uji.es\/jordi\/wp-json\/wp\/v2\/posts\/533","targetHints":{"allow":["GET"]}}],"collection":[{"href":"https:\/\/elbonia.cent.uji.es\/jordi\/wp-json\/wp\/v2\/posts"}],"about":[{"href":"https:\/\/elbonia.cent.uji.es\/jordi\/wp-json\/wp\/v2\/types\/post"}],"author":[{"embeddable":true,"href":"https:\/\/elbonia.cent.uji.es\/jordi\/wp-json\/wp\/v2\/users\/2"}],"replies":[{"embeddable":true,"href":"https:\/\/elbonia.cent.uji.es\/jordi\/wp-json\/wp\/v2\/comments?post=533"}],"version-history":[{"count":6,"href":"https:\/\/elbonia.cent.uji.es\/jordi\/wp-json\/wp\/v2\/posts\/533\/revisions"}],"predecessor-version":[{"id":540,"href":"https:\/\/elbonia.cent.uji.es\/jordi\/wp-json\/wp\/v2\/posts\/533\/revisions\/540"}],"wp:attachment":[{"href":"https:\/\/elbonia.cent.uji.es\/jordi\/wp-json\/wp\/v2\/media?parent=533"}],"wp:term":[{"taxonomy":"category","embeddable":true,"href":"https:\/\/elbonia.cent.uji.es\/jordi\/wp-json\/wp\/v2\/categories?post=533"},{"taxonomy":"post_tag","embeddable":true,"href":"https:\/\/elbonia.cent.uji.es\/jordi\/wp-json\/wp\/v2\/tags?post=533"}],"curies":[{"name":"wp","href":"https:\/\/api.w.org\/{rel}","templated":true}]}}