{"id":920,"date":"2009-06-13T18:51:31","date_gmt":"2009-06-13T17:51:31","guid":{"rendered":"http:\/\/elbonia.cent.uji.es\/jordi\/?p=920"},"modified":"2009-06-13T18:51:31","modified_gmt":"2009-06-13T17:51:31","slug":"el-gen-conservador-del-magisterio","status":"publish","type":"post","link":"https:\/\/elbonia.cent.uji.es\/jordi\/2009\/06\/13\/el-gen-conservador-del-magisterio\/","title":{"rendered":"El gen conservador del magisterio"},"content":{"rendered":"<p>Incluso los docentes m\u00e1s proclives al uso de las TIC en las aulas sienten un hormigueo en la espina dorsal cuando piensan en ni\u00f1os con port\u00e1tiles, accediendo a informaci\u00f3n y juegos y todo lo que se les ocurra, fuera del control protector del maestro. <\/p>\n<p>Hay una gran tradici\u00f3n en el magisterio en este sentido:<\/p>\n<blockquote><p>S\u00f3crates.- Pues eso es, Fedro, lo terrible que tiene la escritura y que es en verdad igual a lo que ocurre con la pintura. En efecto, los productos de \u00e9sta se yerguen como si estuvieran vivos, pero si se les pregunta algo, se callan con gran solemnidad. Lo mismo les pasa a las palabras escritas. Se creer\u00eda que hablan como si pensaran, pero si se les pregunta con el af\u00e1n de informarse sobre algo de lo dicho, expresan tan s\u00f3lo una cosa que siempre es la misma. Por otra parte, basta con que algo se haya escrito una sola vez, para que el escrito circule por todas partes lo mismo entre los entendidos que entre aquellos a los que no les concierne en absoluto, sin que sepa decir a qui\u00e9nes les debe interesar y a qui\u00e9nes no. Y cuando es maltratado, o reprobado injustamente, constantemente necesita de la ayuda de su padre, pues por s\u00ed solo no es capaz de defenderse ni de socorrerse a s\u00ed mismo.<\/p>\n<p>__________________________________________________<\/p>\n<p>Fedro, 274b-275e (El Banquete, Fed\u00f3n, Fedro, Orbis, Barcelona 1983. Traducci\u00f3n de Luis Gil, p.363-366). <a href=\"http:\/\/www.pensament.com\/filoxarxa\/filoxarxa\/FiloXarxa.htm\" target=\"_blank\">Plat\u00f3: l\u2019escriptura i la paraula, el mite de Theuth<\/a><\/p><\/blockquote>\n","protected":false},"excerpt":{"rendered":"<p>Incluso los docentes m\u00e1s proclives al uso de las TIC en las aulas sienten un hormigueo en la espina dorsal cuando piensan en ni\u00f1os con port\u00e1tiles, accediendo a informaci\u00f3n y juegos y todo lo que se les ocurra, fuera del control protector del maestro. Hay una gran tradici\u00f3n en el magisterio en este sentido: S\u00f3crates.- [&hellip;]<\/p>\n","protected":false},"author":2,"featured_media":0,"comment_status":"open","ping_status":"open","sticky":false,"template":"","format":"standard","meta":{"_jetpack_newsletter_access":"","_jetpack_dont_email_post_to_subs":false,"_jetpack_newsletter_tier_id":0,"_jetpack_memberships_contains_paywalled_content":false,"_jetpack_memberships_contains_paid_content":false,"footnotes":""},"categories":[4],"tags":[],"class_list":["post-920","post","type-post","status-publish","format-standard","hentry","category-nuevas-tecnologias"],"jetpack_featured_media_url":"","jetpack_sharing_enabled":true,"jetpack_shortlink":"https:\/\/wp.me\/p74JOR-eQ","_links":{"self":[{"href":"https:\/\/elbonia.cent.uji.es\/jordi\/wp-json\/wp\/v2\/posts\/920","targetHints":{"allow":["GET"]}}],"collection":[{"href":"https:\/\/elbonia.cent.uji.es\/jordi\/wp-json\/wp\/v2\/posts"}],"about":[{"href":"https:\/\/elbonia.cent.uji.es\/jordi\/wp-json\/wp\/v2\/types\/post"}],"author":[{"embeddable":true,"href":"https:\/\/elbonia.cent.uji.es\/jordi\/wp-json\/wp\/v2\/users\/2"}],"replies":[{"embeddable":true,"href":"https:\/\/elbonia.cent.uji.es\/jordi\/wp-json\/wp\/v2\/comments?post=920"}],"version-history":[{"count":1,"href":"https:\/\/elbonia.cent.uji.es\/jordi\/wp-json\/wp\/v2\/posts\/920\/revisions"}],"predecessor-version":[{"id":921,"href":"https:\/\/elbonia.cent.uji.es\/jordi\/wp-json\/wp\/v2\/posts\/920\/revisions\/921"}],"wp:attachment":[{"href":"https:\/\/elbonia.cent.uji.es\/jordi\/wp-json\/wp\/v2\/media?parent=920"}],"wp:term":[{"taxonomy":"category","embeddable":true,"href":"https:\/\/elbonia.cent.uji.es\/jordi\/wp-json\/wp\/v2\/categories?post=920"},{"taxonomy":"post_tag","embeddable":true,"href":"https:\/\/elbonia.cent.uji.es\/jordi\/wp-json\/wp\/v2\/tags?post=920"}],"curies":[{"name":"wp","href":"https:\/\/api.w.org\/{rel}","templated":true}]}}