{"id":946,"date":"2009-08-01T19:38:31","date_gmt":"2009-08-01T18:38:31","guid":{"rendered":"http:\/\/elbonia.cent.uji.es\/jordi\/?p=946"},"modified":"2009-08-31T16:21:10","modified_gmt":"2009-08-31T15:21:10","slug":"100-millones-de-euros-para-los-portatiles-de-zapatero","status":"publish","type":"post","link":"https:\/\/elbonia.cent.uji.es\/jordi\/2009\/08\/01\/100-millones-de-euros-para-los-portatiles-de-zapatero\/","title":{"rendered":"100 millones de euros para el programa Escuela 2.0"},"content":{"rendered":"<p>Copio algunos p\u00e1rrafos de (casi toda, en realidad) la <a href=\"http:\/\/www.educacion.es\/horizontales\/prensa\/notas\/2009\/07\/escuela-20.html\" target=\"_blank\">nota de prensa<\/a> publicada ayer por el Ministerio de Educaci\u00f3n:<\/p>\n<blockquote><p><strong>Aprobada la distribuci\u00f3n de 100 millones de euros para el programa Escuela 2.0<\/strong><br \/>\n31 de julio de 2009<\/p>\n<p>Consejo de Ministros<\/p>\n<p>El Consejo de Ministros ha aprobado hoy la distribuci\u00f3n del presupuesto para el programa Escuela 2.0 entre las comunidades aut\u00f3nomas, as\u00ed como los criterios para realizarla.<\/p>\n<p>Se trata de un programa global de innovaci\u00f3n educativa que contar\u00e1 en 2009 con un total de 200 millones de euros financiados al 50% por el Ministerio de Educaci\u00f3n y las Comunidades Aut\u00f3nomas. Un programa que prev\u00e9 la transformaci\u00f3n en los pr\u00f3ximos cuatro a\u00f1os de las aulas tradicionales de 5\u00ba y 6\u00ba de Primaria y 1\u00ba y 2\u00ba de Secundaria en aulas digitales dotadas con pizarras digitales y conexi\u00f3n inal\u00e1mbrica a Internet, en las que el profesor dispondr\u00e1 de un ordenador port\u00e1til y en las que cada alumno trabajar\u00e1 con un ordenador personal ultraport\u00e1til.<\/p>\n<p>As\u00ed, para la distribuci\u00f3n del presupuesto destinado a equipamiento, que asciende a 93\u20195 millones de euros, se tienen en cuenta el n\u00famero de alumnos de 5\u00ba de Primaria de todos los colegios sostenidos con fondos p\u00fablicos y el n\u00famero de aulas de 5\u00ba de Primaria de los colegios p\u00fablicos. De esta manera, el Gobierno garantiza la financiaci\u00f3n suficiente para dotar de ordenadores a todos los alumnos de 5\u00ba de Primaria, as\u00ed como el equipamiento necesario para el profesorado y las aulas de los colegios p\u00fablicos.<\/p>\n<p>Por otra parte, el Ministerio destinar\u00e1 cerca de cinco millones de euros para la formaci\u00f3n de los especialistas en nuevas tecnolog\u00edas de los colegios y de los profesores de las aulas que se incorporan al programa Escuela 2.0, as\u00ed como para la elaboraci\u00f3n e impulso a la creaci\u00f3n de materiales y recursos educativos digitales. Para su distribuci\u00f3n se tendr\u00e1 en cuenta el n\u00famero de aulas de 5\u00ba de Primaria y el n\u00famero de centros sostenidos con fondos p\u00fablicos.<\/p>\n<p>[sigue la distribuci\u00f3n por comunidades aut\u00f3nomas]<\/p><\/blockquote>\n<p>Alguien debe conocer los detalles del proyecto. \u00bfHay especificaciones t\u00e9cnicas para los ultraport\u00e1tiles? \u00bfSe pagan en su integridad? \u00bfCada comunidad aut\u00f3noma har\u00e1 su propio programa? \u00bfQu\u00e9 se har\u00e1 para procurar \u00abla formaci\u00f3n de los especialistas en nuevas tecnolog\u00edas de los colegios y de los profesores de las aulas\u00bb? \u00bfY qu\u00e9 ser\u00e1 \u00abla elaboraci\u00f3n e impulso a la creaci\u00f3n de materiales y recursos educativos digitales\u00bb?<\/p>\n<figure style=\"width: 500px\" class=\"wp-caption aligncenter\"><a href=\"http:\/\/www.flickr.com\/photos\/curiouslee\/2204654200\/\"><img loading=\"lazy\" decoding=\"async\" class=\" \" title=\"Ul\u00e1n Bator (Mongolia)\" src=\"http:\/\/farm3.static.flickr.com\/2240\/2204654200_f31c7f36c7.jpg\" alt=\"La escuela 2.0 en Ul\u00e1n Bator (Mongolia)\" width=\"500\" height=\"375\" \/><\/a><figcaption class=\"wp-caption-text\">Ul\u00e1n Bator (Mongolia)<\/figcaption><\/figure>\n","protected":false},"excerpt":{"rendered":"<p>Copio algunos p\u00e1rrafos de (casi toda, en realidad) la nota de prensa publicada ayer por el Ministerio de Educaci\u00f3n: Aprobada la distribuci\u00f3n de 100 millones de euros para el programa Escuela 2.0 31 de julio de 2009 Consejo de Ministros El Consejo de Ministros ha aprobado hoy la distribuci\u00f3n del presupuesto para el programa Escuela [&hellip;]<\/p>\n","protected":false},"author":2,"featured_media":0,"comment_status":"open","ping_status":"open","sticky":false,"template":"","format":"standard","meta":{"_jetpack_newsletter_access":"","_jetpack_dont_email_post_to_subs":false,"_jetpack_newsletter_tier_id":0,"_jetpack_memberships_contains_paywalled_content":false,"_jetpack_memberships_contains_paid_content":false,"footnotes":""},"categories":[4,191],"tags":[],"class_list":["post-946","post","type-post","status-publish","format-standard","hentry","category-nuevas-tecnologias","category-pizarras"],"jetpack_featured_media_url":"","jetpack_sharing_enabled":true,"jetpack_shortlink":"https:\/\/wp.me\/p74JOR-fg","_links":{"self":[{"href":"https:\/\/elbonia.cent.uji.es\/jordi\/wp-json\/wp\/v2\/posts\/946","targetHints":{"allow":["GET"]}}],"collection":[{"href":"https:\/\/elbonia.cent.uji.es\/jordi\/wp-json\/wp\/v2\/posts"}],"about":[{"href":"https:\/\/elbonia.cent.uji.es\/jordi\/wp-json\/wp\/v2\/types\/post"}],"author":[{"embeddable":true,"href":"https:\/\/elbonia.cent.uji.es\/jordi\/wp-json\/wp\/v2\/users\/2"}],"replies":[{"embeddable":true,"href":"https:\/\/elbonia.cent.uji.es\/jordi\/wp-json\/wp\/v2\/comments?post=946"}],"version-history":[{"count":6,"href":"https:\/\/elbonia.cent.uji.es\/jordi\/wp-json\/wp\/v2\/posts\/946\/revisions"}],"predecessor-version":[{"id":948,"href":"https:\/\/elbonia.cent.uji.es\/jordi\/wp-json\/wp\/v2\/posts\/946\/revisions\/948"}],"wp:attachment":[{"href":"https:\/\/elbonia.cent.uji.es\/jordi\/wp-json\/wp\/v2\/media?parent=946"}],"wp:term":[{"taxonomy":"category","embeddable":true,"href":"https:\/\/elbonia.cent.uji.es\/jordi\/wp-json\/wp\/v2\/categories?post=946"},{"taxonomy":"post_tag","embeddable":true,"href":"https:\/\/elbonia.cent.uji.es\/jordi\/wp-json\/wp\/v2\/tags?post=946"}],"curies":[{"name":"wp","href":"https:\/\/api.w.org\/{rel}","templated":true}]}}