{"id":960,"date":"2009-08-26T09:48:32","date_gmt":"2009-08-26T08:48:32","guid":{"rendered":"http:\/\/elbonia.cent.uji.es\/jordi\/?p=960"},"modified":"2009-08-31T16:16:27","modified_gmt":"2009-08-31T15:16:27","slug":"realpolitik-patxi-%c2%bfel-psoe-elige-windows","status":"publish","type":"post","link":"https:\/\/elbonia.cent.uji.es\/jordi\/2009\/08\/26\/realpolitik-patxi-%c2%bfel-psoe-elige-windows\/","title":{"rendered":"Realpolitik: Patxi (\u00bfel PSOE?) elige Windows"},"content":{"rendered":"<figure style=\"width: 288px\" class=\"wp-caption alignright\"><a href=\"http:\/\/www.flickr.com\/photos\/lourdesmunozsantamaria\/3595302452\/\"><img loading=\"lazy\" decoding=\"async\" class=\"  \" style=\"margin: 5px;\" title=\"Bill &amp; Jose Luis\" src=\"http:\/\/farm4.static.flickr.com\/3374\/3595302452_340f1ed6ca.jpg\" alt=\"Bill &amp; Jose Luis\" width=\"288\" height=\"206\" \/><\/a><figcaption class=\"wp-caption-text\">Bill &amp; Jose Luis<\/figcaption><\/figure>\n<p>Dos consideraciones previas a la noticia:<\/p>\n<p>1. En mi opini\u00f3n, el software es solo uno de los diversos temas mal planteados del proyecto Zapatero de dotar de port\u00e1tiles a los escolares de 5\u00ba de Primaria.\u00a0 Aunque sea el \u00fanico tema que, al parecer, les preocupa a los defensores del software libre, a mi me inquieta m\u00e1s la ausencia de planes ambiciosos de formaci\u00f3n de los maestros y maestras (v\u00e9anse los informes sobre este tema) y, sobre todo, la aceptaci\u00f3n impl\u00edcita de un modelo did\u00e1ctico \u00abexpositivo\u00bb rancio (pizarras digitales y \u00ablibros de texto digitales\u00bb como tecnolog\u00edas did\u00e1cticas predominantes). Ahora, si impiden que los ni\u00f1os se lleven a casa los ordenadores y se controla adecuadamente el acceso a Internet desde el centro (\u00abNi\u00f1os: haced clic aqu\u00ed\u00bb), les habremos proporcionado a nuestros alumnos las libretas Rubio m\u00e1s caras del mundo.<\/p>\n<p>2. Era m\u00e1s que previsible y seguir\u00e1n otras comunidades: todas las que NO tengan YA EN MARCHA un proyecto basado en software libre. \u00bfSer\u00e1n las prisas?<\/p>\n<p>Vamos a comentar la noticia.<\/p>\n<p>El Gobierno vasco public\u00f3 a principios de agosto el <a href=\"http:\/\/www.scribd.com\/doc\/18232732\/LOTE-1-Netbooks-educativos-vascos\" target=\"_blank\">pliego de bases t\u00e9cnicas<\/a> para adquirir 20.000 miniport\u00e1tiles para el alumnado que cursa 5\u00ba de Primaria (v\u00e9anse los 4 lotes, pizarras y ca\u00f1ones, armarios y wifi, en el <a href=\"http:\/\/www.hezkuntza.ejgv.euskadi.net\/r43-573\/es\/contenidos\/contratacion\/su_28_09\/es_su_28_09\/su_28_09.html\" target=\"_blank\">BOPV<\/a>).<\/p>\n<p>Se admiten apuestas sobre el sistema operativo y el paquete ofim\u00e1tico que incluir\u00e1n&#8230; (es f\u00e1cil acertar).<\/p>\n<p>Hace algunos meses, el hoy lehendakari <a href=\"http:\/\/www.patxilopez.com\/index.php\/2009\/05\/internet-libre\/\" target=\"_blank\">escrib\u00eda<\/a> en su blog:<\/p>\n<blockquote><p><strong>Internet Libre<\/strong><br \/>\nHoy se celebra el d\u00eda de Internet y es de sobra conocida mi apuesta porque este servicio p\u00fablico sea libre, abierto y sobre todo participativo. Por eso no pod\u00eda m\u00e1s que sumarme al MANIFIESTO que ha publicado hoy mi partido para apoyar el desarrollo y la utilizaci\u00f3n del software libre. Invito no s\u00f3lo a que lo leas sino a que lo difundas, te suscribas o lo apoyes.<\/p>\n<p>Yo ante todo sigo apoyando la transparencia y la participaci\u00f3n porque me parece un derecho b\u00e1sico sobre todo cuando la Pol\u00edtica e Internet se conjugan.<\/p>\n<p>Comp\u00e1rtelo<\/p>\n<p>Escrito por Patxi el 17 de Mayo de 2009<\/p><\/blockquote>\n<p>Pues ya lo estamos \u00abcompartiendo\u00bb, Patxi.<\/p>\n<p>V\u00e9ase algunas reacciones:<\/p>\n<p>&#8211; Ziberescola: \u00ab<a href=\"http:\/\/zibereskola.blogspot.com\/2009\/08\/concurso-publico-con-los-miniportatiles.html\" target=\"_blank\">Concurso p\u00fablico con los miniport\u00e1tiles escolares vascos<\/a>\u00ab.<br \/>\n&#8211; Software Libre: \u00ab<a href=\"http:\/\/softwarelibre.deusto.es\/patxi-lopez-me-defrauda\/\" target=\"_blank\">Patxi L\u00f3pez (me) defrauda<\/a>\u00bb (una peque\u00f1a historia de las promesas de Patxi L\u00f3pez al respecto).<br \/>\n&#8211; Men\u00e9ame: \u00ab<a href=\"http:\/\/meneame.net\/story\/patxi-lopez-apoya-realmente-software-libre\" target=\"_blank\">Patxi L\u00f3pez, \u00bfapoya realmente al software libre?<\/a>\u00bb<br \/>\n&#8211; El viento rozando mi cara (Blog de Enrique Castro): \u00ab<a href=\"http:\/\/enriquefriki.wordpress.com\/2009\/08\/15\/patxi-lopez-software-libre-y-los-fanboys-de-las-elites-del-psoe\/\" target=\"_blank\">Patxi L\u00f3pez, Software Libre y los \u201cFanboy\u2019s\u201d de las \u00e9lites del PSOE<\/a>\u00ab.<br \/>\n&#8211; <a href=\"http:\/\/www.medinapatasarriba.com\/2009\/08\/14\/consumo-y-usuarios\/senor-lopez-realmente-apoya-el-software-libre\" target=\"_blank\">Se\u00f1or L\u00f3pez, \u00bfrealmente apoya el software libre?<\/a> (copia en cach\u00e9 de Google).<br \/>\n&#8211; <a href=\"http:\/\/www.medinapatasarriba.com\/2009\/08\/19\/consumo-y-usuarios\/senor-lopez-realmente-apoya-el-software-libre-segunda-carta\" target=\"_blank\">Se\u00f1or L\u00f3pez, realmente apoya el software libre? (segunda carta)<\/a> (copia en cach\u00e9 de Google).<\/p>\n<p>\u00bfAlg\u00fan lector\/a puede aportar m\u00e1s informaci\u00f3n sobre otras comunidades?<\/p>\n<p><strong>Addenda a las 10:52<\/strong>: Ernest Prats informa v\u00eda Twitter (@eprats) que \u00abBalears: Alumnos: Port\u00e1til y Ubuntu; Profes: Port\u00e1til con dual&#8230; seg\u00fan pliego de condiciones a finales de julio.\u00bb Supongo que Andaluc\u00eda y Extremadura seguir\u00e1n con sus proyectos.<\/p>\n<p><strong>Addenda 27\/8\/09:<\/strong> A\u00f1adidos los enlaces directos a Medinapatasarriba y borrados los enlaces a la cach\u00e9 de Google. Ya funciona el sitio.<\/p>\n<p><strong>Addenda 27\/8\/09<\/strong>: En uno de los comentarios a este post, <strong>Javier Escajedo<strong> <\/strong><\/strong> nos ilustra sobre la formaci\u00f3n del profesorado incluida en los pliegos del concurso de ultraport\u00e1tiles del Pa\u00eds Vasco. Vale que quiz\u00e1 no sea el sitio adecuado para proponer un m\u00e1ster sobre el uso did\u00e1ctico de las\u00a0 nuevas tecnolog\u00edas, pero podr\u00edan haberse ahorrado todos esos p\u00e1rrafos y resumir toda la formaci\u00f3n requerida en una frase: \u00abLa empresa adjudicataria ense\u00f1ar\u00e1 a los docentes a enchufar y apagar el ordenador\u00bb.<\/p>\n","protected":false},"excerpt":{"rendered":"<p>Dos consideraciones previas a la noticia: 1. En mi opini\u00f3n, el software es solo uno de los diversos temas mal planteados del proyecto Zapatero de dotar de port\u00e1tiles a los escolares de 5\u00ba de Primaria.\u00a0 Aunque sea el \u00fanico tema que, al parecer, les preocupa a los defensores del software libre, a mi me inquieta [&hellip;]<\/p>\n","protected":false},"author":2,"featured_media":0,"comment_status":"open","ping_status":"open","sticky":false,"template":"","format":"standard","meta":{"_jetpack_newsletter_access":"","_jetpack_dont_email_post_to_subs":false,"_jetpack_newsletter_tier_id":0,"_jetpack_memberships_contains_paywalled_content":false,"_jetpack_memberships_contains_paid_content":false,"footnotes":""},"categories":[4,227],"tags":[],"class_list":["post-960","post","type-post","status-publish","format-standard","hentry","category-nuevas-tecnologias","category-software-libre"],"jetpack_featured_media_url":"","jetpack_sharing_enabled":true,"jetpack_shortlink":"https:\/\/wp.me\/p74JOR-fu","_links":{"self":[{"href":"https:\/\/elbonia.cent.uji.es\/jordi\/wp-json\/wp\/v2\/posts\/960","targetHints":{"allow":["GET"]}}],"collection":[{"href":"https:\/\/elbonia.cent.uji.es\/jordi\/wp-json\/wp\/v2\/posts"}],"about":[{"href":"https:\/\/elbonia.cent.uji.es\/jordi\/wp-json\/wp\/v2\/types\/post"}],"author":[{"embeddable":true,"href":"https:\/\/elbonia.cent.uji.es\/jordi\/wp-json\/wp\/v2\/users\/2"}],"replies":[{"embeddable":true,"href":"https:\/\/elbonia.cent.uji.es\/jordi\/wp-json\/wp\/v2\/comments?post=960"}],"version-history":[{"count":13,"href":"https:\/\/elbonia.cent.uji.es\/jordi\/wp-json\/wp\/v2\/posts\/960\/revisions"}],"predecessor-version":[{"id":962,"href":"https:\/\/elbonia.cent.uji.es\/jordi\/wp-json\/wp\/v2\/posts\/960\/revisions\/962"}],"wp:attachment":[{"href":"https:\/\/elbonia.cent.uji.es\/jordi\/wp-json\/wp\/v2\/media?parent=960"}],"wp:term":[{"taxonomy":"category","embeddable":true,"href":"https:\/\/elbonia.cent.uji.es\/jordi\/wp-json\/wp\/v2\/categories?post=960"},{"taxonomy":"post_tag","embeddable":true,"href":"https:\/\/elbonia.cent.uji.es\/jordi\/wp-json\/wp\/v2\/tags?post=960"}],"curies":[{"name":"wp","href":"https:\/\/api.w.org\/{rel}","templated":true}]}}