{"id":989,"date":"2009-09-03T13:57:02","date_gmt":"2009-09-03T12:57:02","guid":{"rendered":"http:\/\/elbonia.cent.uji.es\/jordi\/?p=989"},"modified":"2009-09-03T13:57:02","modified_gmt":"2009-09-03T12:57:02","slug":"el-libro-de-texto-ante-las-tic-la-vision-de-los-editores","status":"publish","type":"post","link":"https:\/\/elbonia.cent.uji.es\/jordi\/2009\/09\/03\/el-libro-de-texto-ante-las-tic-la-vision-de-los-editores\/","title":{"rendered":"El libro de texto ante las TIC: la visi\u00f3n de los editores"},"content":{"rendered":"<p>Estoy\u00a0 leyendo un informe de noviembre de 2008 titulado \u00ab<a href=\"http:\/\/www.google.es\/url?sa=t&amp;source=web&amp;ct=res&amp;cd=1&amp;url=http%3A%2F%2Fwww.federacioneditores.org%2F0_Resources%2FDocumentos%2FLos_TIC_enEnsenanza.pdf&amp;ei=LLqfSojcHZKMsAb27-kZ&amp;usg=AFQjCNEcMW2YMXRqX2QyB69LWRCN1wbZsQ&amp;sig2=IGgY4SifuxqTOowZlHpxxQ\" target=\"_blank\">El Libro de Texto ante la Incorporaci\u00f3n de las TIC a la Ense\u00f1anza<\/a>\u00bb realizado por la Unidad de Investigaci\u00f3n en Psicolog\u00eda del Consumidor y Usuario de la Universidad de Santiago de Compostela y patrocinado por el Centro Espa\u00f1ol de Derechos Reprogr\u00e1ficos (CEDRO) y que he encontrado en la web de la\u00a0 Federaci\u00f3n de Gremios de Editores de Espa\u00f1a. Adem\u00e1s, la Asociaci\u00f3n Nacional de Editores de Libros y Material de Ense\u00f1anza (ANELE) ha publicado <a href=\"http:\/\/www.anele.org\/pdf\/NP-090609-InformeNTE.pdf\" target=\"_blank\">una nota de prensa sobre el estudio<\/a>. Creo que ya estamos todos.<\/p>\n<p>Realmente, no se c\u00f3mo interpretar el estudio. Tengo serias dudas sobre si lo que dicen en el estudio realmente se lo creen o si lo que pretenden es que nos lo creamos los \u00abconsumidores y usuarios\u00bb de libros de texto. Sospecho que ambas cosas.<\/p>\n<p>La parte que m\u00e1s me ha interesado es la de las cifras del mercado de libros de texto en Europa, Espa\u00f1a e Iberoam\u00e9rica. Te haces una idea cabal de la magnitud del negocio.<\/p>\n","protected":false},"excerpt":{"rendered":"<p>Estoy\u00a0 leyendo un informe de noviembre de 2008 titulado \u00abEl Libro de Texto ante la Incorporaci\u00f3n de las TIC a la Ense\u00f1anza\u00bb realizado por la Unidad de Investigaci\u00f3n en Psicolog\u00eda del Consumidor y Usuario de la Universidad de Santiago de Compostela y patrocinado por el Centro Espa\u00f1ol de Derechos Reprogr\u00e1ficos (CEDRO) y que he encontrado [&hellip;]<\/p>\n","protected":false},"author":2,"featured_media":0,"comment_status":"open","ping_status":"open","sticky":false,"template":"","format":"standard","meta":{"_jetpack_newsletter_access":"","_jetpack_dont_email_post_to_subs":false,"_jetpack_newsletter_tier_id":0,"_jetpack_memberships_contains_paywalled_content":false,"_jetpack_memberships_contains_paid_content":false,"footnotes":""},"categories":[32,4],"tags":[],"class_list":["post-989","post","type-post","status-publish","format-standard","hentry","category-libros","category-nuevas-tecnologias"],"jetpack_featured_media_url":"","jetpack_sharing_enabled":true,"jetpack_shortlink":"https:\/\/wp.me\/p74JOR-fX","_links":{"self":[{"href":"https:\/\/elbonia.cent.uji.es\/jordi\/wp-json\/wp\/v2\/posts\/989","targetHints":{"allow":["GET"]}}],"collection":[{"href":"https:\/\/elbonia.cent.uji.es\/jordi\/wp-json\/wp\/v2\/posts"}],"about":[{"href":"https:\/\/elbonia.cent.uji.es\/jordi\/wp-json\/wp\/v2\/types\/post"}],"author":[{"embeddable":true,"href":"https:\/\/elbonia.cent.uji.es\/jordi\/wp-json\/wp\/v2\/users\/2"}],"replies":[{"embeddable":true,"href":"https:\/\/elbonia.cent.uji.es\/jordi\/wp-json\/wp\/v2\/comments?post=989"}],"version-history":[{"count":1,"href":"https:\/\/elbonia.cent.uji.es\/jordi\/wp-json\/wp\/v2\/posts\/989\/revisions"}],"predecessor-version":[{"id":990,"href":"https:\/\/elbonia.cent.uji.es\/jordi\/wp-json\/wp\/v2\/posts\/989\/revisions\/990"}],"wp:attachment":[{"href":"https:\/\/elbonia.cent.uji.es\/jordi\/wp-json\/wp\/v2\/media?parent=989"}],"wp:term":[{"taxonomy":"category","embeddable":true,"href":"https:\/\/elbonia.cent.uji.es\/jordi\/wp-json\/wp\/v2\/categories?post=989"},{"taxonomy":"post_tag","embeddable":true,"href":"https:\/\/elbonia.cent.uji.es\/jordi\/wp-json\/wp\/v2\/tags?post=989"}],"curies":[{"name":"wp","href":"https:\/\/api.w.org\/{rel}","templated":true}]}}